{"id":2002003710,"date":"2021-01-11T08:43:00","date_gmt":"2021-01-11T06:43:00","guid":{"rendered":"http:\/\/www.elenacabrera.com\/weblog\/?p=2002003710"},"modified":"2021-01-14T08:50:55","modified_gmt":"2021-01-14T06:50:55","slug":"contagiados-en-navidad","status":"publish","type":"post","link":"http:\/\/www.elenacabrera.com\/weblog3\/2021\/01\/11\/contagiados-en-navidad\/","title":{"rendered":"Contagiados en Navidad"},"content":{"rendered":"\n<p>La curva de contagios desde el d\u00eda 10 de diciembre dibuja una trepidante cuesta ascendente, sobre todo la que refleja los casos comunicados de Nochevieja en adelante. Es el temido efecto navide\u00f1o que comienza a asomarse a las gr\u00e1ficas de la \u00e1rida contabilidad de la<a href=\"https:\/\/www.eldiario.es\/sociedad\/mapa-datos-coronavirus-espana-comunidades-autonomas-enero-7_1_1039633.html\"> incidencia del coronavirus<\/a>.<\/p>\n\n\n\n<p>Pero los n\u00fameros reflejan lo que muchos han visto en la intimidad de los salones: las restricciones eran suaves y las familias se han juntado en peque\u00f1os n\u00facleos, sin alardes, pero con concesiones. As\u00ed le ocurri\u00f3 a la familia de A. V., actualmente en cuarentena y cuidando a su marido mientras pasa la COVID\u201319, tras una cena de Nochebuena de la que salieron todos contagiados excepto ella y su madre.<\/p>\n\n\n\n<p>Como marcaban las normas eran seis comensales: los padres, A., sus dos hermanas y su marido. Hab\u00edan tomado precauciones: ventilaron la casa antes de la cena \u2014pero no durante\u2014, guardaron la distancia de seguridad entre las personas y llevaron mascarilla, que se quitaron, l\u00f3gicamente, para comer. Estuvieron menos de cuatro horas juntos, en un piso de un barrio madrile\u00f1o. Era la primera vez que se ve\u00edan en much\u00edsimo tiempo. Necesitaban un momento de reuni\u00f3n, de sentirse unidos. No sab\u00edan si deb\u00edan juntarse pero estaban tocados an\u00edmicamente porque al principio de la pandemia hab\u00eda fallecido el abuelo, no a causa de la COVID sino debido a un infarto que el m\u00e9dico y la familia interpretaron como un efecto colateral del sedentarismo del confinamiento. Se permitieron ese momento, bajaron la guardia porque necesitaban sentirse juntos aunque fuera brevemente. \u201cEl resultado ha sido un regalo bastante desagradable\u201d, dice A.<\/p>\n\n\n\n<p class=\"has-text-align-right\"><a rel=\"noreferrer noopener\" href=\"https:\/\/www.eldiario.es\/sociedad\/contagiados-navidad-bajar-guardia-traido-regalo-desagradable_1_6735731.html\" target=\"_blank\"><em>Sigue leyendo en elDiario.es<\/em><\/a><\/p>\n\n\n\n<p class=\"has-text-align-right has-cyan-bluish-gray-background-color has-background\">Art\u00edculo publicado el 8 de enero de 2021 en elDiario.es.<br>Foto de Pedro Reyna. CC BY<\/p>\n\n\n\n<p><\/p>\n","protected":false},"excerpt":{"rendered":"<p>La curva de contagios desde el d\u00eda 10 de diciembre dibuja una trepidante cuesta ascendente, sobre todo la que refleja los casos comunicados de Nochevieja en adelante. Es el temido efecto navide\u00f1o que comienza a asomarse a las gr\u00e1ficas de la \u00e1rida contabilidad de la incidencia del coronavirus. Pero los n\u00fameros reflejan lo que muchos [&hellip;]<\/p>\n","protected":false},"author":1,"featured_media":2002003711,"comment_status":"closed","ping_status":"closed","sticky":false,"template":"","format":"standard","meta":{"footnotes":""},"categories":[],"tags":[],"class_list":["post-2002003710","post","type-post","status-publish","format-standard","has-post-thumbnail","hentry"],"_links":{"self":[{"href":"http:\/\/www.elenacabrera.com\/weblog3\/wp-json\/wp\/v2\/posts\/2002003710","targetHints":{"allow":["GET"]}}],"collection":[{"href":"http:\/\/www.elenacabrera.com\/weblog3\/wp-json\/wp\/v2\/posts"}],"about":[{"href":"http:\/\/www.elenacabrera.com\/weblog3\/wp-json\/wp\/v2\/types\/post"}],"author":[{"embeddable":true,"href":"http:\/\/www.elenacabrera.com\/weblog3\/wp-json\/wp\/v2\/users\/1"}],"replies":[{"embeddable":true,"href":"http:\/\/www.elenacabrera.com\/weblog3\/wp-json\/wp\/v2\/comments?post=2002003710"}],"version-history":[{"count":1,"href":"http:\/\/www.elenacabrera.com\/weblog3\/wp-json\/wp\/v2\/posts\/2002003710\/revisions"}],"predecessor-version":[{"id":2002003712,"href":"http:\/\/www.elenacabrera.com\/weblog3\/wp-json\/wp\/v2\/posts\/2002003710\/revisions\/2002003712"}],"wp:featuredmedia":[{"embeddable":true,"href":"http:\/\/www.elenacabrera.com\/weblog3\/wp-json\/wp\/v2\/media\/2002003711"}],"wp:attachment":[{"href":"http:\/\/www.elenacabrera.com\/weblog3\/wp-json\/wp\/v2\/media?parent=2002003710"}],"wp:term":[{"taxonomy":"category","embeddable":true,"href":"http:\/\/www.elenacabrera.com\/weblog3\/wp-json\/wp\/v2\/categories?post=2002003710"},{"taxonomy":"post_tag","embeddable":true,"href":"http:\/\/www.elenacabrera.com\/weblog3\/wp-json\/wp\/v2\/tags?post=2002003710"}],"curies":[{"name":"wp","href":"https:\/\/api.w.org\/{rel}","templated":true}]}}