{"id":2002003731,"date":"2021-02-18T19:19:51","date_gmt":"2021-02-18T17:19:51","guid":{"rendered":"http:\/\/www.elenacabrera.com\/weblog\/?p=2002003731"},"modified":"2021-02-19T10:57:46","modified_gmt":"2021-02-19T08:57:46","slug":"hazte-mecenas-de-la-mujer-enmascarada","status":"publish","type":"post","link":"http:\/\/www.elenacabrera.com\/weblog3\/2021\/02\/18\/hazte-mecenas-de-la-mujer-enmascarada\/","title":{"rendered":"Hazte mecenas de &#8216;La mujer enmascarada&#8217;"},"content":{"rendered":"\n<p>Pas\u00e9, como todas vosotras y vosotros, la primavera de 2020 encerrada en casa, haciendo galletas y pregunt\u00e1ndome cu\u00e1nto durar\u00eda esto, pasando verg\u00fcenza al salir con mascarilla a la calle, limpiando los botes de tomate con alcohol&#8230; ya sab\u00e9is. Pero tambi\u00e9n escribiendo. Cada noche hac\u00eda una p\u00e1gina de lo que yo llamaba \u00abperiodismo de interior\u00bb, es decir, contar cuando no hay nada que contar, contar lo que pasa dentro de casa como si fueran grandes acontecimientos porque, en verdad, lo eran. Ahora quiero convertir todas esas p\u00e1ginas, que cada d\u00eda publicaba elDiario.es,<br>en un libro que nos permita en el futuro volver atr\u00e1s y recordar los detalles, las historias corrientes, las aventuras dom\u00e9sticas.<br>Me gustar\u00eda hacerlo con vuestro apoyo, entre todas y todos, porque en realidad esta no es mi historia sino que es un relato com\u00fan.<br><a href=\"https:\/\/libros.com\/crowdfunding\/la-mujer-enmascarada\/\" target=\"_blank\" rel=\"noreferrer noopener\">Si te haces mecenas en Libros.com de &#8216;La mujer enmascarada&#8217;<\/a> esa parte de nuestra historia quedar\u00e1 encapsulada en un libro (ese animal bello de celulosa y cuerda) para que no se pierda en la memoria.<\/p>\n\n\n\n<p class=\"has-pale-pink-background-color has-background\"><strong><a href=\"http:\/\/bit.ly\/2NJEC4v\" target=\"_blank\" rel=\"noreferrer noopener\">Haz clic aqu\u00ed para apoyar la publicaci\u00f3n de &#8216;La mujer enmascarada&#8217;.<\/a><\/strong><\/p>\n","protected":false},"excerpt":{"rendered":"<p>Pas\u00e9, como todas vosotras y vosotros, la primavera de 2020 encerrada en casa, haciendo galletas y pregunt\u00e1ndome cu\u00e1nto durar\u00eda esto, pasando verg\u00fcenza al salir con mascarilla a la calle, limpiando los botes de tomate con alcohol&#8230; ya sab\u00e9is. Pero tambi\u00e9n escribiendo. Cada noche hac\u00eda una p\u00e1gina de lo que yo llamaba \u00abperiodismo de interior\u00bb, es [&hellip;]<\/p>\n","protected":false},"author":1,"featured_media":2002003732,"comment_status":"closed","ping_status":"closed","sticky":false,"template":"","format":"standard","meta":{"footnotes":""},"categories":[],"tags":[],"class_list":["post-2002003731","post","type-post","status-publish","format-standard","has-post-thumbnail","hentry"],"_links":{"self":[{"href":"http:\/\/www.elenacabrera.com\/weblog3\/wp-json\/wp\/v2\/posts\/2002003731","targetHints":{"allow":["GET"]}}],"collection":[{"href":"http:\/\/www.elenacabrera.com\/weblog3\/wp-json\/wp\/v2\/posts"}],"about":[{"href":"http:\/\/www.elenacabrera.com\/weblog3\/wp-json\/wp\/v2\/types\/post"}],"author":[{"embeddable":true,"href":"http:\/\/www.elenacabrera.com\/weblog3\/wp-json\/wp\/v2\/users\/1"}],"replies":[{"embeddable":true,"href":"http:\/\/www.elenacabrera.com\/weblog3\/wp-json\/wp\/v2\/comments?post=2002003731"}],"version-history":[{"count":3,"href":"http:\/\/www.elenacabrera.com\/weblog3\/wp-json\/wp\/v2\/posts\/2002003731\/revisions"}],"predecessor-version":[{"id":2002003735,"href":"http:\/\/www.elenacabrera.com\/weblog3\/wp-json\/wp\/v2\/posts\/2002003731\/revisions\/2002003735"}],"wp:featuredmedia":[{"embeddable":true,"href":"http:\/\/www.elenacabrera.com\/weblog3\/wp-json\/wp\/v2\/media\/2002003732"}],"wp:attachment":[{"href":"http:\/\/www.elenacabrera.com\/weblog3\/wp-json\/wp\/v2\/media?parent=2002003731"}],"wp:term":[{"taxonomy":"category","embeddable":true,"href":"http:\/\/www.elenacabrera.com\/weblog3\/wp-json\/wp\/v2\/categories?post=2002003731"},{"taxonomy":"post_tag","embeddable":true,"href":"http:\/\/www.elenacabrera.com\/weblog3\/wp-json\/wp\/v2\/tags?post=2002003731"}],"curies":[{"name":"wp","href":"https:\/\/api.w.org\/{rel}","templated":true}]}}