{"id":2002003745,"date":"2021-04-10T09:40:43","date_gmt":"2021-04-10T07:40:43","guid":{"rendered":"http:\/\/www.elenacabrera.com\/weblog\/?p=2002003745"},"modified":"2021-04-10T09:40:46","modified_gmt":"2021-04-10T07:40:46","slug":"algunas-lagunas","status":"publish","type":"post","link":"http:\/\/www.elenacabrera.com\/weblog3\/2021\/04\/10\/algunas-lagunas\/","title":{"rendered":"Algunas lagunas"},"content":{"rendered":"\n<p>En el a\u00f1o 2013 comenc\u00e9 a escribir lo que pensaba que ser\u00eda un reportaje: qu\u00e9 recursos hay para buscar a un familiar desaparecido en la Guerra Civil o la represi\u00f3n franquista. En lugar de preguntarle a alguien, me pregunt\u00e9 a m\u00ed misma. No sab\u00eda d\u00f3nde estaba enterrado mi abuelo. Tampoco nunca me lo hab\u00eda preguntado, hasta ese d\u00eda.<\/p>\n\n\n\n<p>El reportaje se desbord\u00f3. Mi vida, tambi\u00e9n. Un nudo personal relacionado con la muerte, la sensaci\u00f3n de abandono, el duelo incompleto, apretaba mi d\u00eda a d\u00eda y se manifestaba cuando escrib\u00eda sobre memoria hist\u00f3rica o al visitar un cementerio. Despu\u00e9s, la ansiedad lo inund\u00f3 todo.<\/p>\n\n\n\n<p>El reportaje se fue convirtiendo en un libro que tuve que abandonar durante los peores a\u00f1os de la depresi\u00f3n. Cuando me recobr\u00e9 a m\u00ed misma, pude retomar el libro, aunque las constantes lagunas y huecos del pasado me atrancaban una y otra vez.<\/p>\n\n\n\n<p>Para completar el proceso de recuperaci\u00f3n, de restauraci\u00f3n, de curaci\u00f3n, era necesario terminar el libro y hacerlo p\u00fablico. En un caj\u00f3n, los silencios que rellenaban esos agujeros se har\u00edan a\u00fan m\u00e1s grandes.<\/p>\n\n\n\n<p><em><a href=\"https:\/\/asociacion-la-imprenta-estrategias-y-artefactos-cultura.sumup.link\/algunas-lagunas\">Algunas lagunas<\/a><\/em> es el libro que cuenta todo lo que s\u00e9 de Raimundo Cabrera pero tambi\u00e9n el proceso de averig\u00fcarlo. No solo c\u00f3mo lo hago sino tambi\u00e9n qu\u00e9 pienso mientras lo hago. Es un relato del proceso y una reflexi\u00f3n abierta sobre los l\u00edmites de la narrativa de la memoria.<\/p>\n\n\n\n<p>Se publica el 14 de abril en la reci\u00e9n nacida editorial <a href=\"https:\/\/linktr.ee\/_laimprenta_\" data-type=\"URL\" data-id=\"https:\/\/linktr.ee\/_laimprenta_\">La Imprenta<\/a>, que tiene tambi\u00e9n un precioso espacio-librer\u00eda en Malasa\u00f1a (Montele\u00f3n, 5), donde se har\u00e1 la presentaci\u00f3n, a las siete de la tarde. Estar\u00e9 acompa\u00f1ada de Francisco Ferr\u00e1ndiz. A partir de las 19:45, os dedico el libro si quer\u00e9is, que estar\u00e1 a la venta all\u00ed en primicia a 15 euros.<\/p>\n\n\n\n<p>Como el aforo es muy reducido (solo pueden estar dentro 10 personas), la presentaci\u00f3n se retransmitir\u00e1 por streaming (<a href=\"https:\/\/www.instagram.com\/_laimprenta_\/\">Instagram <\/a>y YouTube), pero a las 19:45 puede venir m\u00e1s gente para comprar el libro.<\/p>\n\n\n\n<figure class=\"wp-block-image size-large\"><img loading=\"lazy\" decoding=\"async\" width=\"819\" height=\"1024\" src=\"http:\/\/www.elenacabrera.com\/weblog\/wp-content\/uploads\/cartel-presentacion-Algunas-Lagunas-819x1024.jpg\" alt=\"\" class=\"wp-image-2002003768\" srcset=\"http:\/\/www.elenacabrera.com\/weblog3\/wp-content\/uploads\/cartel-presentacion-Algunas-Lagunas-819x1024.jpg 819w, http:\/\/www.elenacabrera.com\/weblog3\/wp-content\/uploads\/cartel-presentacion-Algunas-Lagunas-240x300.jpg 240w, http:\/\/www.elenacabrera.com\/weblog3\/wp-content\/uploads\/cartel-presentacion-Algunas-Lagunas-768x960.jpg 768w, http:\/\/www.elenacabrera.com\/weblog3\/wp-content\/uploads\/cartel-presentacion-Algunas-Lagunas.jpg 1080w\" sizes=\"auto, (max-width: 819px) 100vw, 819px\" \/><\/figure>\n","protected":false},"excerpt":{"rendered":"<p>En el a\u00f1o 2013 comenc\u00e9 a escribir lo que pensaba que ser\u00eda un reportaje: qu\u00e9 recursos hay para buscar a un familiar desaparecido en la Guerra Civil o la represi\u00f3n franquista. En lugar de preguntarle a alguien, me pregunt\u00e9 a m\u00ed misma. No sab\u00eda d\u00f3nde estaba enterrado mi abuelo. Tampoco nunca me lo hab\u00eda preguntado, [&hellip;]<\/p>\n","protected":false},"author":1,"featured_media":2002003767,"comment_status":"closed","ping_status":"closed","sticky":false,"template":"","format":"standard","meta":{"footnotes":""},"categories":[],"tags":[],"class_list":["post-2002003745","post","type-post","status-publish","format-standard","has-post-thumbnail","hentry"],"_links":{"self":[{"href":"http:\/\/www.elenacabrera.com\/weblog3\/wp-json\/wp\/v2\/posts\/2002003745","targetHints":{"allow":["GET"]}}],"collection":[{"href":"http:\/\/www.elenacabrera.com\/weblog3\/wp-json\/wp\/v2\/posts"}],"about":[{"href":"http:\/\/www.elenacabrera.com\/weblog3\/wp-json\/wp\/v2\/types\/post"}],"author":[{"embeddable":true,"href":"http:\/\/www.elenacabrera.com\/weblog3\/wp-json\/wp\/v2\/users\/1"}],"replies":[{"embeddable":true,"href":"http:\/\/www.elenacabrera.com\/weblog3\/wp-json\/wp\/v2\/comments?post=2002003745"}],"version-history":[{"count":3,"href":"http:\/\/www.elenacabrera.com\/weblog3\/wp-json\/wp\/v2\/posts\/2002003745\/revisions"}],"predecessor-version":[{"id":2002003770,"href":"http:\/\/www.elenacabrera.com\/weblog3\/wp-json\/wp\/v2\/posts\/2002003745\/revisions\/2002003770"}],"wp:featuredmedia":[{"embeddable":true,"href":"http:\/\/www.elenacabrera.com\/weblog3\/wp-json\/wp\/v2\/media\/2002003767"}],"wp:attachment":[{"href":"http:\/\/www.elenacabrera.com\/weblog3\/wp-json\/wp\/v2\/media?parent=2002003745"}],"wp:term":[{"taxonomy":"category","embeddable":true,"href":"http:\/\/www.elenacabrera.com\/weblog3\/wp-json\/wp\/v2\/categories?post=2002003745"},{"taxonomy":"post_tag","embeddable":true,"href":"http:\/\/www.elenacabrera.com\/weblog3\/wp-json\/wp\/v2\/tags?post=2002003745"}],"curies":[{"name":"wp","href":"https:\/\/api.w.org\/{rel}","templated":true}]}}