{"id":2002003749,"date":"2021-03-09T15:48:00","date_gmt":"2021-03-09T13:48:00","guid":{"rendered":"http:\/\/www.elenacabrera.com\/weblog\/?p=2002003749"},"modified":"2021-03-19T15:50:56","modified_gmt":"2021-03-19T13:50:56","slug":"el-duelo-aplazado-consecuencias-de-vivir-sin-el-ultimo-adios-arrebatado-por-la-covid","status":"publish","type":"post","link":"http:\/\/www.elenacabrera.com\/weblog3\/2021\/03\/09\/el-duelo-aplazado-consecuencias-de-vivir-sin-el-ultimo-adios-arrebatado-por-la-covid\/","title":{"rendered":"El duelo aplazado: consecuencias de vivir sin el \u00faltimo adi\u00f3s arrebatado por la COVID"},"content":{"rendered":"\n<p>El coronavirus ha atravesado las muertes de todos, incluso de los que no han muerto por COVID. Las condiciones han ido variando a lo largo de la pandemia pero han sido muchos meses de restricciones en los que los rituales funerarios se han visto alterados y restringidos y en los que en muchos casos, en especial los de los enfermos de la COVID-19, no ha habido despedidas, tan solo vac\u00edo. Durante el pico de la pandemia, no m\u00e1s de tres personas pod\u00edan asistir a la inhumaci\u00f3n o cremaci\u00f3n. En la primera fase de la desescalada, el grupo se aument\u00f3 a diez; en la fase 2, ya en verano, hasta quince personas y en la tercera, hasta 25, pero manteniendo una distancia de metro y medio entre ellos. \u201cEsos momentos han provocado un impacto emocional tremendo en las personas dolientes\u201d, asegura el psic\u00f3logo especializado en duelo Vicente Prieto.<\/p>\n\n\n\n<p>\u201cAdem\u00e1s del dolor por la desaparici\u00f3n de un ser querido al que no le tocaba [morir], el dolor se ha incrementado porque se ha roto el proceso funerario del \u00faltimo adi\u00f3s, el funeral y el enterramiento\u201d, explica. Por la consulta de Vicente Prieto est\u00e1n pasando muchas personas \u201cen situaciones bastante extremas\u201d que, al no poder normalizar el duelo, les ha sobrevenido \u201cun duelo patol\u00f3gico\u201d, un estado limitante en el que precisan ayuda psicol\u00f3gica: \u201cson las personas que no retoman el trabajo ni la rutina normalizada, que no entienden el proceso que est\u00e1n llevando, que se a\u00edslan y en las que se pueden desencadenar trastornos ansioso-depresivos e incluso, en alguno de ellos, estr\u00e9s postraum\u00e1tico, ya que sufren tambi\u00e9n el miedo al contagio y el miedo a contagiar\u201d. En la foto fija de los d\u00edas 8 y 10 de abril de 2020 que sac\u00f3 la Facultad de Psicolog\u00eda de la Universidad Complutense de Madrid con una encuesta a m\u00e1s de dos mil personas, <a href=\"https:\/\/www.ucm.es\/inventap\/file\/vida-covid19--informe-ejecutivomalestar3520-final-1\">encontraron un 22% de casos con un nivel elevado de s\u00edntomas por depresi\u00f3n<\/a>, bastantes m\u00e1s mujeres que hombres, bastantes m\u00e1s j\u00f3venes (18-34) que cualquier otro grupo de edad.<\/p>\n\n\n\n<p>Lo que Prieto recomendaba a sus pacientes fueron tres cosas. La primera supon\u00eda aceptar la realidad ante la pandemia, aunque sea invisible; no prolongar la situaci\u00f3n de injusticia ni preguntarnos \u201c\u00bfpor qu\u00e9 nos ha pasado a nosotros?\u201d. La segunda fue la de usar las videoconferencias para conectar a la familia y \u201cllorar juntos\u201d: \u201caunque no hay ninguna tecnolog\u00eda que sustituya un abrazo, hay que adaptarse a lo que tenemos\u201d. La tercera estrategia consist\u00eda en, cuando se les permitiera, realizar \u201cun homenaje como se merece el ser querido, ya sea religioso o cualquier ritual laico con el mismo fin y recordar que ahora ya no est\u00e1 entre nosotros pero est\u00e1 con nosotros\u201d. El llamado \u201c\u00faltimo adi\u00f3s\u201d es un momento de despedida junto al cuerpo de la persona ya fallecida, precisamente el que m\u00e1s ha faltado durante las muertes en pandemia, pero Prieto no le da tanta importancia y recomienda que es mejor recordar \u201clos cientos y cientos de horas que s\u00ed hemos podido vivir y compartir con esa persona\u201d.<\/p>\n\n\n\n<p class=\"has-text-align-right\"><a href=\"https:\/\/www.eldiario.es\/sociedad\/duelo-aplazado-consecuencias-vivir-ultimo-adios-arrebatado-covid_1_7270435.html\" target=\"_blank\" rel=\"noreferrer noopener\">Sigue leyendo en elDiario.es<\/a><\/p>\n","protected":false},"excerpt":{"rendered":"<p>La pandemia ha puesto la muerte en el centro del debate, lo que supone una oportunidad para dejar de hablar de n\u00fameros y cambiar la conversaci\u00f3n al tipo de final que desea cada uno<\/p>\n","protected":false},"author":1,"featured_media":0,"comment_status":"closed","ping_status":"closed","sticky":false,"template":"","format":"standard","meta":{"footnotes":""},"categories":[1],"tags":[],"class_list":["post-2002003749","post","type-post","status-publish","format-standard","hentry","category-sin-categoria"],"_links":{"self":[{"href":"http:\/\/www.elenacabrera.com\/weblog3\/wp-json\/wp\/v2\/posts\/2002003749","targetHints":{"allow":["GET"]}}],"collection":[{"href":"http:\/\/www.elenacabrera.com\/weblog3\/wp-json\/wp\/v2\/posts"}],"about":[{"href":"http:\/\/www.elenacabrera.com\/weblog3\/wp-json\/wp\/v2\/types\/post"}],"author":[{"embeddable":true,"href":"http:\/\/www.elenacabrera.com\/weblog3\/wp-json\/wp\/v2\/users\/1"}],"replies":[{"embeddable":true,"href":"http:\/\/www.elenacabrera.com\/weblog3\/wp-json\/wp\/v2\/comments?post=2002003749"}],"version-history":[{"count":2,"href":"http:\/\/www.elenacabrera.com\/weblog3\/wp-json\/wp\/v2\/posts\/2002003749\/revisions"}],"predecessor-version":[{"id":2002003751,"href":"http:\/\/www.elenacabrera.com\/weblog3\/wp-json\/wp\/v2\/posts\/2002003749\/revisions\/2002003751"}],"wp:attachment":[{"href":"http:\/\/www.elenacabrera.com\/weblog3\/wp-json\/wp\/v2\/media?parent=2002003749"}],"wp:term":[{"taxonomy":"category","embeddable":true,"href":"http:\/\/www.elenacabrera.com\/weblog3\/wp-json\/wp\/v2\/categories?post=2002003749"},{"taxonomy":"post_tag","embeddable":true,"href":"http:\/\/www.elenacabrera.com\/weblog3\/wp-json\/wp\/v2\/tags?post=2002003749"}],"curies":[{"name":"wp","href":"https:\/\/api.w.org\/{rel}","templated":true}]}}