{"id":2002003754,"date":"2021-03-11T15:55:00","date_gmt":"2021-03-11T13:55:00","guid":{"rendered":"http:\/\/www.elenacabrera.com\/weblog\/?p=2002003754"},"modified":"2021-03-19T15:57:28","modified_gmt":"2021-03-19T13:57:28","slug":"los-hombres-jovenes-no-identifican-igualdad-de-genero-con-feminismo","status":"publish","type":"post","link":"http:\/\/www.elenacabrera.com\/weblog3\/2021\/03\/11\/los-hombres-jovenes-no-identifican-igualdad-de-genero-con-feminismo\/","title":{"rendered":"Los hombres j\u00f3venes no identifican igualdad de g\u00e9nero con feminismo"},"content":{"rendered":"\n<p>Apenas un 54% de los j\u00f3venes varones (entre 15 y 29 a\u00f1os) se identifican con los valores del feminismo, a pesar de que el 69,9% s\u00ed lo hace con los de la igualdad de g\u00e9nero, seg\u00fan la radiograf\u00eda general que dibuja el <a rel=\"noreferrer noopener\" href=\"http:\/\/www.injuve.es\/prensa\/noticia\/presentacion-del-informe-juventud-en-espana-2020\" target=\"_blank\">&#8216;Informe Juventud en Espa\u00f1a 2020&#8217;, del Instituto de la Juventud (INJUVE)<\/a> presentado este pasado mi\u00e9rcoles 10 de marzo.<\/p>\n\n\n\n<p>De todas las causas movilizadoras de esta juventud, que \u00abha tomado las banderas verde y morada como causas de su generaci\u00f3n\u00bb, en palabras de Pablo Sim\u00f3n, investigador principal del estudio, la igualdad de g\u00e9nero es la m\u00e1s importante. Aunque las cifras de los varones que lo apoyan son importantes, est\u00e1n unos veinte puntos por debajo de las mujeres, que abrumadoramente se ven comprometidas con el feminismo (80,9%) y con la igualdad de g\u00e9nero (84,6%). Los hombres adolescentes (15-19) son los menos conscientes de los estereotipos. Se ha llegado a estas conclusiones mediante el \u00abexperimento\u00bb, en palabras de Sim\u00f3n, de preguntar a la mitad de la muestra \u2014que es de casi 6.500 entrevistas\u2014 por un t\u00e9rmino y a la otra mitad, por el otro. Esta contradicci\u00f3n indica, seg\u00fan el polit\u00f3logo, que \u00abla etiqueta [feminismo] empieza a estar pol\u00edticamente connotada\u00bb.<\/p>\n\n\n\n<p>En general, en la suma de hombres y mujeres, el estudio detecta que aunque tienen esta posici\u00f3n frente a la igualdad de g\u00e9nero, en el \u00e1mbito dom\u00e9stico act\u00faan de otra manera, sobre todo cuando tienen hijos, pues se produce un reparto desigualitario del trabajo dom\u00e9stico y de cuidados, donde ellas asumen una carga mayor del trabajo reproductivo. Mientras la mujer en pareja de entre 25 y 29 a\u00f1os invierte casi cuatro horas diarias en estas tareas, en los hombres es la mitad: dos horas.<\/p>\n\n\n\n<p class=\"has-text-align-right\"><a href=\"https:\/\/www.eldiario.es\/sociedad\/hombres-jovenes-no-identifican-igualdad-genero-feminismo_1_7292980.html\" data-type=\"URL\" data-id=\"https:\/\/www.eldiario.es\/sociedad\/hombres-jovenes-no-identifican-igualdad-genero-feminismo_1_7292980.html\" target=\"_blank\" rel=\"noreferrer noopener\">Sigue leyendo en elDiario.es<\/a><\/p>\n","protected":false},"excerpt":{"rendered":"<p>Apenas un 54% de los j\u00f3venes varones (entre 15 y 29 a\u00f1os) se identifican con los valores del feminismo, a pesar de que el 69,9% s\u00ed lo hace con los de la igualdad de g\u00e9nero, seg\u00fan la radiograf\u00eda general que dibuja el &#8216;Informe Juventud en Espa\u00f1a 2020&#8217;, del Instituto de la Juventud (INJUVE) presentado este [&hellip;]<\/p>\n","protected":false},"author":1,"featured_media":0,"comment_status":"closed","ping_status":"closed","sticky":false,"template":"","format":"standard","meta":{"footnotes":""},"categories":[],"tags":[],"class_list":["post-2002003754","post","type-post","status-publish","format-standard","hentry"],"_links":{"self":[{"href":"http:\/\/www.elenacabrera.com\/weblog3\/wp-json\/wp\/v2\/posts\/2002003754","targetHints":{"allow":["GET"]}}],"collection":[{"href":"http:\/\/www.elenacabrera.com\/weblog3\/wp-json\/wp\/v2\/posts"}],"about":[{"href":"http:\/\/www.elenacabrera.com\/weblog3\/wp-json\/wp\/v2\/types\/post"}],"author":[{"embeddable":true,"href":"http:\/\/www.elenacabrera.com\/weblog3\/wp-json\/wp\/v2\/users\/1"}],"replies":[{"embeddable":true,"href":"http:\/\/www.elenacabrera.com\/weblog3\/wp-json\/wp\/v2\/comments?post=2002003754"}],"version-history":[{"count":1,"href":"http:\/\/www.elenacabrera.com\/weblog3\/wp-json\/wp\/v2\/posts\/2002003754\/revisions"}],"predecessor-version":[{"id":2002003755,"href":"http:\/\/www.elenacabrera.com\/weblog3\/wp-json\/wp\/v2\/posts\/2002003754\/revisions\/2002003755"}],"wp:attachment":[{"href":"http:\/\/www.elenacabrera.com\/weblog3\/wp-json\/wp\/v2\/media?parent=2002003754"}],"wp:term":[{"taxonomy":"category","embeddable":true,"href":"http:\/\/www.elenacabrera.com\/weblog3\/wp-json\/wp\/v2\/categories?post=2002003754"},{"taxonomy":"post_tag","embeddable":true,"href":"http:\/\/www.elenacabrera.com\/weblog3\/wp-json\/wp\/v2\/tags?post=2002003754"}],"curies":[{"name":"wp","href":"https:\/\/api.w.org\/{rel}","templated":true}]}}