{"id":2002003756,"date":"2021-03-13T15:57:00","date_gmt":"2021-03-13T13:57:00","guid":{"rendered":"http:\/\/www.elenacabrera.com\/weblog\/?p=2002003756"},"modified":"2021-03-19T15:58:40","modified_gmt":"2021-03-19T13:58:40","slug":"la-onda-expansiva-del-mural-de-ciudad-lineal-se-propaga-por-espana","status":"publish","type":"post","link":"http:\/\/www.elenacabrera.com\/weblog3\/2021\/03\/13\/la-onda-expansiva-del-mural-de-ciudad-lineal-se-propaga-por-espana\/","title":{"rendered":"La onda expansiva del mural de Ciudad Lineal se propaga por Espa\u00f1a"},"content":{"rendered":"\n<p>El colectivo Unlogic Crew, creador del <a href=\"https:\/\/www.eldiario.es\/sociedad\/congregacion-espontanea-repulsa-protesta-mural-feminista-vandalizado-madrid_1_7284357.html\">mural feminista vandalizado del polideportivo de Ciudad Lineal<\/a> y sus r\u00e9plicas en Getafe y Alcal\u00e1 de Henares, ha sido invitado a otras ciudades para seguir replicando el homenaje a las mujeres pioneras.<\/p>\n\n\n\n<p>Durante el mes de marzo y abril, los artistas visitar\u00e1n Soria, La Rioja y la localidad madrile\u00f1a de Rivas Vaciamadrid para pintar murales que son total o parcialmente copia del original, con los rostros de quince mujeres, o una versi\u00f3n con la misma est\u00e9tica en colores morados, violetas y rosas. El alcalde de Rivas, Pedro del Cura, ya hab\u00eda ofrecido una pared de su municipio para replicar el mural a finales de enero, cuando el Pleno del distrito vot\u00f3 su sustituci\u00f3n.<\/p>\n\n\n\n<p>El colectivo autor del mural, Unlogic Crew, formado por artistas madrile\u00f1os \u2014la mayor\u00eda del propio distrito de Ciudad Lineal\u2014 han recibido docenas de propuestas de toda Espa\u00f1a, tambi\u00e9n desde Arag\u00f3n, Murcia y Sevilla, bien para pintarlos ellos o para que dieran su consentimiento para replicar la obra. Unlogic ha renunciado a los derechos de explotaci\u00f3n de la obra, por lo que no pone ning\u00fan inconveniente en que esto se realice.<\/p>\n\n\n\n<p class=\"has-text-align-right\"><a href=\"https:\/\/www.eldiario.es\/sociedad\/onda-expansiva-mural-feminista-vandalizado-ciudad-lineal-propaga-espana_1_7299591.html\" target=\"_blank\" rel=\"noreferrer noopener\">Sigue leyendo en elDiario.es<\/a><\/p>\n","protected":false},"excerpt":{"rendered":"<p>El colectivo Unlogic Crew, creador del mural feminista vandalizado del polideportivo de Ciudad Lineal y sus r\u00e9plicas en Getafe y Alcal\u00e1 de Henares, ha sido invitado a otras ciudades para seguir replicando el homenaje a las mujeres pioneras. Durante el mes de marzo y abril, los artistas visitar\u00e1n Soria, La Rioja y la localidad madrile\u00f1a [&hellip;]<\/p>\n","protected":false},"author":1,"featured_media":0,"comment_status":"closed","ping_status":"closed","sticky":false,"template":"","format":"standard","meta":{"footnotes":""},"categories":[],"tags":[],"class_list":["post-2002003756","post","type-post","status-publish","format-standard","hentry"],"_links":{"self":[{"href":"http:\/\/www.elenacabrera.com\/weblog3\/wp-json\/wp\/v2\/posts\/2002003756","targetHints":{"allow":["GET"]}}],"collection":[{"href":"http:\/\/www.elenacabrera.com\/weblog3\/wp-json\/wp\/v2\/posts"}],"about":[{"href":"http:\/\/www.elenacabrera.com\/weblog3\/wp-json\/wp\/v2\/types\/post"}],"author":[{"embeddable":true,"href":"http:\/\/www.elenacabrera.com\/weblog3\/wp-json\/wp\/v2\/users\/1"}],"replies":[{"embeddable":true,"href":"http:\/\/www.elenacabrera.com\/weblog3\/wp-json\/wp\/v2\/comments?post=2002003756"}],"version-history":[{"count":1,"href":"http:\/\/www.elenacabrera.com\/weblog3\/wp-json\/wp\/v2\/posts\/2002003756\/revisions"}],"predecessor-version":[{"id":2002003757,"href":"http:\/\/www.elenacabrera.com\/weblog3\/wp-json\/wp\/v2\/posts\/2002003756\/revisions\/2002003757"}],"wp:attachment":[{"href":"http:\/\/www.elenacabrera.com\/weblog3\/wp-json\/wp\/v2\/media?parent=2002003756"}],"wp:term":[{"taxonomy":"category","embeddable":true,"href":"http:\/\/www.elenacabrera.com\/weblog3\/wp-json\/wp\/v2\/categories?post=2002003756"},{"taxonomy":"post_tag","embeddable":true,"href":"http:\/\/www.elenacabrera.com\/weblog3\/wp-json\/wp\/v2\/tags?post=2002003756"}],"curies":[{"name":"wp","href":"https:\/\/api.w.org\/{rel}","templated":true}]}}