{"id":2002003758,"date":"2021-03-15T15:58:00","date_gmt":"2021-03-15T13:58:00","guid":{"rendered":"http:\/\/www.elenacabrera.com\/weblog\/?p=2002003758"},"modified":"2021-03-19T16:00:33","modified_gmt":"2021-03-19T14:00:33","slug":"luciernagas-separadas-el-pesimismo-en-el-mundo-poscovid","status":"publish","type":"post","link":"http:\/\/www.elenacabrera.com\/weblog3\/2021\/03\/15\/luciernagas-separadas-el-pesimismo-en-el-mundo-poscovid\/","title":{"rendered":"Luci\u00e9rnagas separadas: el pesimismo en el mundo poscovid"},"content":{"rendered":"\n<p>Viene advirtiendo Noam Chomsky de que el origen de la pandemia es algo llamado capitalismo y que, aunque ya en 2003 los cient\u00edficos avisaron de que podr\u00eda haber otra epidemia por coronavirus, los laboratorios farmac\u00e9uticos no sacan beneficio de algo que vaya a ocurrir dentro de unos a\u00f1os. Los sistemas de salud y los Estados del bienestar no estaban lo suficientemente bien preparados, sino m\u00e1s bien agujereados por la termita neoliberalista que tanto teme Chomsky. En su libro <em>\u00a1Pandemia!<\/em> Slavoj Zizek se lanza a proponer c\u00f3mo habr\u00eda que reaccionar para que una siguiente crisis no nos vuelva a pillar con los deberes sin hacer: \u201ccomunismo o barbarie\u201d es la muy aludida cita final de su libro, entendiendo comunismo de una manera \u201creinventada\u201d, apelando m\u00e1s bien al esp\u00edritu de los comunes.<\/p>\n\n\n\n<p>Dice otro pensador, el italiano Paolo Flores d&#8217;Arcais, que la consigna m\u00e1s l\u00facida para salir de esta deber\u00eda ser \u201cla igualdad\u201d: pol\u00edticas de igualdad, inversi\u00f3n en igualdad, conciencia de igualdad porque, seg\u00fan la fil\u00f3sofa Judit Butler, la COVID-19 es \u201cla enfermedad de la desigualdad\u201d. \u201cLa esencia del desaf\u00edo del desconfinamiento\u201d, dice Jeffrey V Lazarus, Jefe del Grupo de Investigaci\u00f3n de Sistemas de Salud en ISGlobal, escribe en una nota de debate de esta organizaci\u00f3n, al respecto de la equidad y la pandemia. Para ello, hay que asegurar la protecci\u00f3n econ\u00f3mica para las poblaciones vulnerables, fortalecer la atenci\u00f3n primaria en salud, abordar las necesidades de salud de las personas migrantes, promover la protecci\u00f3n de la vivienda \u2014haci\u00e9ndola asequible, limitando los desalojos, deteniendo la suspensi\u00f3n de los servicios p\u00fablicos\u2014 y mantener y ampliar los espacios p\u00fablicos abiertos y seguros.En el estudio del CIS sobre los efectos y consecuencias del coronavirus, se realiz\u00f3 una pregunta sobre c\u00f3mo la pandemia hab\u00eda cambiado los h\u00e1bitos o el modo de pensar. El 60% de los encuestados dijo que hab\u00eda cambiado sus valores y que ahora valoraba y apreciaba cosas que antes no; un arrollador 79,3% se preocupaba m\u00e1s por su seres queridos y un 74,8% valoraba m\u00e1s las relaciones sociales pero apenas un 52,5% afirmaba que le interesaba el futuro m\u00e1s que antes. Para desaz\u00f3n de Chomsky, el coronavirus no parece curar nuestro mal cortoplacista. Es probable, incluso, que la poblaci\u00f3n sienta a\u00fan con m\u00e1s convicci\u00f3n que lo importante es vivir el presente y ma\u00f1ana ya se ver\u00e1, una actitud contraproducente para seguir trabajando en la emergencia clim\u00e1tica y la protecci\u00f3n de la biodiversidad, <a href=\"https:\/\/theconversation.com\/si-no-sanamos-el-clima-volveremos-a-enfermar-135091\">como recuerda el profesor Fernando Valladares<\/a>.<\/p>\n\n\n\n<p class=\"has-text-align-right\"><a href=\"https:\/\/www.eldiario.es\/sociedad\/frustracion-soledad-pandemia-avanza-ola-pesimismo-mundo-poscovid_1_7270655.html\" target=\"_blank\" rel=\"noreferrer noopener\">Sigue leyendo en elDiario.es<\/a><\/p>\n","protected":false},"excerpt":{"rendered":"<p>Viene advirtiendo Noam Chomsky de que el origen de la pandemia es algo llamado capitalismo y que, aunque ya en 2003 los cient\u00edficos avisaron de que podr\u00eda haber otra epidemia por coronavirus, los laboratorios farmac\u00e9uticos no sacan beneficio de algo que vaya a ocurrir dentro de unos a\u00f1os. Los sistemas de salud y los Estados [&hellip;]<\/p>\n","protected":false},"author":1,"featured_media":0,"comment_status":"closed","ping_status":"closed","sticky":false,"template":"","format":"standard","meta":{"footnotes":""},"categories":[],"tags":[],"class_list":["post-2002003758","post","type-post","status-publish","format-standard","hentry"],"_links":{"self":[{"href":"http:\/\/www.elenacabrera.com\/weblog3\/wp-json\/wp\/v2\/posts\/2002003758","targetHints":{"allow":["GET"]}}],"collection":[{"href":"http:\/\/www.elenacabrera.com\/weblog3\/wp-json\/wp\/v2\/posts"}],"about":[{"href":"http:\/\/www.elenacabrera.com\/weblog3\/wp-json\/wp\/v2\/types\/post"}],"author":[{"embeddable":true,"href":"http:\/\/www.elenacabrera.com\/weblog3\/wp-json\/wp\/v2\/users\/1"}],"replies":[{"embeddable":true,"href":"http:\/\/www.elenacabrera.com\/weblog3\/wp-json\/wp\/v2\/comments?post=2002003758"}],"version-history":[{"count":1,"href":"http:\/\/www.elenacabrera.com\/weblog3\/wp-json\/wp\/v2\/posts\/2002003758\/revisions"}],"predecessor-version":[{"id":2002003759,"href":"http:\/\/www.elenacabrera.com\/weblog3\/wp-json\/wp\/v2\/posts\/2002003758\/revisions\/2002003759"}],"wp:attachment":[{"href":"http:\/\/www.elenacabrera.com\/weblog3\/wp-json\/wp\/v2\/media?parent=2002003758"}],"wp:term":[{"taxonomy":"category","embeddable":true,"href":"http:\/\/www.elenacabrera.com\/weblog3\/wp-json\/wp\/v2\/categories?post=2002003758"},{"taxonomy":"post_tag","embeddable":true,"href":"http:\/\/www.elenacabrera.com\/weblog3\/wp-json\/wp\/v2\/tags?post=2002003758"}],"curies":[{"name":"wp","href":"https:\/\/api.w.org\/{rel}","templated":true}]}}