{"id":2002003762,"date":"2021-03-19T02:02:33","date_gmt":"2021-03-19T00:02:33","guid":{"rendered":"http:\/\/www.elenacabrera.com\/weblog\/?p=2002003762"},"modified":"2021-03-19T16:03:52","modified_gmt":"2021-03-19T14:03:52","slug":"los-pacientes-de-salud-mental-rompen-el-estigma-y-reclaman-mas-recursos","status":"publish","type":"post","link":"http:\/\/www.elenacabrera.com\/weblog3\/2021\/03\/19\/los-pacientes-de-salud-mental-rompen-el-estigma-y-reclaman-mas-recursos\/","title":{"rendered":"Los pacientes de salud mental rompen el estigma y reclaman m\u00e1s recursos"},"content":{"rendered":"\n<p>\u201cEstigmatizar la enfermedad mental es algo propio de siglos oscuros e ignorantes\u201d, ha publicado en Twitter la periodista Ana Ruiz Echauri. \u201cMuchas de las personas que he conocido han pasado por experiencias semejantes. Es algo de lo que no se habla porque somos cobardes\u201d, ha dicho en la misma red la escritora Noelia Pena. \u201cEstigma, prejuicios y orgullito (pero del malo) porque \u2018no me va a decir nada que no sepa\u2019\u201d, ha tuiteado \u2018el Nega\u2019 del grupo Chikos del Ma\u00edz, sobre la opini\u00f3n p\u00fablica ante la consulta psicol\u00f3gica. El pasado mi\u00e9rcoles, las redes sociales vivieron una apertura de la intimidad de muchas personas que quisieron llamar la atenci\u00f3n sobre el silencio que se cierne ante las enfermedades de salud mental, utilizando el hashtag #YoTambienVoyAlM\u00e9dico.<\/p>\n\n\n\n<p>Este #MeToo de la atenci\u00f3n psiqui\u00e1trica es una reacci\u00f3n al sonoro comentario del diputado del Partido Popular por Huelva, Carmelo Romero, quien grit\u00f3 \u00ab\u00a1Vete al m\u00e9dico!\u00bb tras la intervenci\u00f3n de \u00cd\u00f1igo Errej\u00f3n, el cual pidi\u00f3 una actualizaci\u00f3n de la Estrategia en Salud Mental del Sistema Nacional de Salud, que tiene diez a\u00f1os de antig\u00fcedad. El Presidente del Gobierno le contest\u00f3 que hay una nueva estrategia en desarrollo que viene de la mano de 2,5 millones de euros en los Presupuestos Generales.<\/p>\n\n\n\n<p>Nel Zapico, presidente de la Confederaci\u00f3n de Salud Mental de Espa\u00f1a, participa en el comit\u00e9 redactor de esta estrategia recalca que ese dinero solo es para dar a conocer la estrategia: \u201cno tiene nada que ver con la inversi\u00f3n que necesita la salud mental, que es much\u00edsimo m\u00e1s grande\u201d. La morbilidad (cantidad de personas que enferman) de la salud mental supone un 20% de los gastos de la sanidad en Espa\u00f1a y, sin embargo, los recursos destinados a ella no llegan al 6%, \u201cpor lo que habr\u00eda que subir si no al 20, al menos al 15%\u201d, se\u00f1ala Zapico, \u201cpara atender a la gente adecuadamente\u201d. Zapico estima que la Estrategia estar\u00e1 lista para ser publicada a lo largo de este a\u00f1o.<\/p>\n\n\n\n<p class=\"has-text-align-right\"><a href=\"https:\/\/www.eldiario.es\/sociedad\/pacientes-salud-mental-rompen-estigma-redes-reclaman-mejora-sistema_1_7324761.html\" target=\"_blank\" rel=\"noreferrer noopener\">Sigue leyendo en elDiario.es<\/a><\/p>\n","protected":false},"excerpt":{"rendered":"<p>\u201cEstigmatizar la enfermedad mental es algo propio de siglos oscuros e ignorantes\u201d, ha publicado en Twitter la periodista Ana Ruiz Echauri. \u201cMuchas de las personas que he conocido han pasado por experiencias semejantes. Es algo de lo que no se habla porque somos cobardes\u201d, ha dicho en la misma red la escritora Noelia Pena. \u201cEstigma, [&hellip;]<\/p>\n","protected":false},"author":1,"featured_media":0,"comment_status":"closed","ping_status":"closed","sticky":false,"template":"","format":"standard","meta":{"footnotes":""},"categories":[],"tags":[],"class_list":["post-2002003762","post","type-post","status-publish","format-standard","hentry"],"_links":{"self":[{"href":"http:\/\/www.elenacabrera.com\/weblog3\/wp-json\/wp\/v2\/posts\/2002003762","targetHints":{"allow":["GET"]}}],"collection":[{"href":"http:\/\/www.elenacabrera.com\/weblog3\/wp-json\/wp\/v2\/posts"}],"about":[{"href":"http:\/\/www.elenacabrera.com\/weblog3\/wp-json\/wp\/v2\/types\/post"}],"author":[{"embeddable":true,"href":"http:\/\/www.elenacabrera.com\/weblog3\/wp-json\/wp\/v2\/users\/1"}],"replies":[{"embeddable":true,"href":"http:\/\/www.elenacabrera.com\/weblog3\/wp-json\/wp\/v2\/comments?post=2002003762"}],"version-history":[{"count":1,"href":"http:\/\/www.elenacabrera.com\/weblog3\/wp-json\/wp\/v2\/posts\/2002003762\/revisions"}],"predecessor-version":[{"id":2002003763,"href":"http:\/\/www.elenacabrera.com\/weblog3\/wp-json\/wp\/v2\/posts\/2002003762\/revisions\/2002003763"}],"wp:attachment":[{"href":"http:\/\/www.elenacabrera.com\/weblog3\/wp-json\/wp\/v2\/media?parent=2002003762"}],"wp:term":[{"taxonomy":"category","embeddable":true,"href":"http:\/\/www.elenacabrera.com\/weblog3\/wp-json\/wp\/v2\/categories?post=2002003762"},{"taxonomy":"post_tag","embeddable":true,"href":"http:\/\/www.elenacabrera.com\/weblog3\/wp-json\/wp\/v2\/tags?post=2002003762"}],"curies":[{"name":"wp","href":"https:\/\/api.w.org\/{rel}","templated":true}]}}