{"id":2002003764,"date":"2021-03-25T11:07:04","date_gmt":"2021-03-25T09:07:04","guid":{"rendered":"http:\/\/www.elenacabrera.com\/weblog\/?p=2002003764"},"modified":"2021-03-25T11:07:10","modified_gmt":"2021-03-25T09:07:10","slug":"colas-y-algun-recelo-en-el-regreso-de-la-vacuna-de-astrazeneca-cuanto-antes-lo-hagamos-antes-salimos-de-esta","status":"publish","type":"post","link":"http:\/\/www.elenacabrera.com\/weblog3\/2021\/03\/25\/colas-y-algun-recelo-en-el-regreso-de-la-vacuna-de-astrazeneca-cuanto-antes-lo-hagamos-antes-salimos-de-esta\/","title":{"rendered":"Colas y alg\u00fan recelo en el regreso de la vacuna de AstraZeneca: \u00abCuanto antes lo hagamos, antes salimos de esta\u00bb"},"content":{"rendered":"\n<figure class=\"wp-block-embed-twitter wp-block-embed is-type-rich is-provider-twitter\"><div class=\"wp-block-embed__wrapper\">\n<blockquote class=\"twitter-tweet\" data-width=\"500\" data-dnt=\"true\"><p lang=\"es\" dir=\"ltr\">Una de las dos largu\u00edsimas colas ayer en el reinicio de la vacunaci\u00f3n con AstraZeneca en el Wanda Metropolitano. Lo contamos aqu\u00ed: <a href=\"https:\/\/t.co\/FIRj8LNBDx\">https:\/\/t.co\/FIRj8LNBDx<\/a> <a href=\"https:\/\/t.co\/LLwFrKXQ7Z\">pic.twitter.com\/LLwFrKXQ7Z<\/a><\/p>&mdash; Elena Cabrera (@elenac) <a href=\"https:\/\/twitter.com\/elenac\/status\/1375009060077064193?ref_src=twsrc%5Etfw\">March 25, 2021<\/a><\/blockquote><script async src=\"https:\/\/platform.twitter.com\/widgets.js\" charset=\"utf-8\"><\/script>\n<\/div><\/figure>\n\n\n\n<p>Espa\u00f1a ha reanudado este mi\u00e9rcoles la vacunaci\u00f3n con el suero de AstraZeneca tras una semana de par\u00f3n en los que la EMA evalu\u00f3 los once casos de trombosis en personas que previamente se hab\u00edan vacunado. \u00abLos beneficios de AstraZeneca superan los riesgos\u00bb, concluy\u00f3 la Agencia Europea de Medicamentos (EMA).&nbsp;<\/p>\n\n\n\n<p>Muy similar al parecer de la EMA era el sentir de los cientos de personas que esperaban a pie, avanzando lentamente durante m\u00e1s de dos horas en dos colas que daban la vuelta al estadio Wanda Metropolitano de Madrid, en la ma\u00f1ana en la que el recinto se hab\u00eda reactivado para la vacunaci\u00f3n de este suero, junto al hospital de pandemias Isabel Zendal. La gran mayor\u00eda hab\u00edan recibido un sms el d\u00eda anterior. Adem\u00e1s de la reanudaci\u00f3n de los pinchazos, la novedad de esta jornada ha sido la llegada de personas mayores de 55 y hasta los 65, una franja etaria que, con el cambio de criterio del pasado 22 de marzo, <a href=\"https:\/\/www.eldiario.es\/sociedad\/sanidad-extiende-astrazeneca-65-anos-agilizar-vacunacion-seis-millones-personas_1_7334586.html\" target=\"_blank\" rel=\"noreferrer noopener\">ya est\u00e1 autorizada a recibir la vacuna de Oxford<\/a>.<\/p>\n\n\n\n<p>A ellas corresponden Jes\u00fas (60) y Toni (56), dos conductores de centros de d\u00eda para mayores, que han recibido la vacuna sin nervios pero con ganas: \u00abEra esencial que nos vacunaran cuanto antes, todos los d\u00edas recogemos a los abuelos en sus casas, somos la primera persona que ven y aunque trabajamos con EPI, es un riesgo\u00bb. Junto a la puerta de salida de las personas ya vacunadas esperan pacientemente los acompa\u00f1antes, aprovechando la sombra y las escaleras que llevan a los pisos superiores del estadio. Una amiga espera a que salga Lola, que est\u00e1 interes\u00e1ndose por una compa\u00f1era de trabajo que se ha mareado tras la inyecci\u00f3n. Han estado dos horas y media haciendo la cola en el exterior pero una vez dentro todo va r\u00e1pido. Sale Lola (59 a\u00f1os), administrativa, ella se siente bien f\u00edsicamente pero confiesa que trae un \u00abacojonamiento total\u00bb desde que el d\u00eda anterior recibi\u00f3 el sms con la cita: \u00abHay que vacunarse pero si hubiera podido elegir, hubiese preferido la vacuna de Pfizer, que se la han puesto a mi madre de 86 a\u00f1os y no ha tenido ning\u00fan efecto secundario y en cambio la mayor\u00eda de mis compa\u00f1eras han pasado un d\u00eda con dolor de cabeza y fiebre\u00bb.<\/p>\n\n\n\n<p class=\"has-text-align-right\"><a href=\"https:\/\/www.eldiario.es\/sociedad\/espana-retoma-vacunacion-astrazeneca-colas-recelos-hagamos-salimos_1_7342804.html\" target=\"_blank\" rel=\"noreferrer noopener\"><em>Sigue leyendo en elDiario.es<\/em><\/a><\/p>\n","protected":false},"excerpt":{"rendered":"<p>Espa\u00f1a ha reanudado este mi\u00e9rcoles la vacunaci\u00f3n con el suero de AstraZeneca tras una semana de par\u00f3n en los que la EMA evalu\u00f3 los once casos de trombosis en personas que previamente se hab\u00edan vacunado. \u00abLos beneficios de AstraZeneca superan los riesgos\u00bb, concluy\u00f3 la Agencia Europea de Medicamentos (EMA).&nbsp; Muy similar al parecer de la [&hellip;]<\/p>\n","protected":false},"author":1,"featured_media":0,"comment_status":"closed","ping_status":"closed","sticky":false,"template":"","format":"standard","meta":{"footnotes":""},"categories":[],"tags":[],"class_list":["post-2002003764","post","type-post","status-publish","format-standard","hentry"],"_links":{"self":[{"href":"http:\/\/www.elenacabrera.com\/weblog3\/wp-json\/wp\/v2\/posts\/2002003764","targetHints":{"allow":["GET"]}}],"collection":[{"href":"http:\/\/www.elenacabrera.com\/weblog3\/wp-json\/wp\/v2\/posts"}],"about":[{"href":"http:\/\/www.elenacabrera.com\/weblog3\/wp-json\/wp\/v2\/types\/post"}],"author":[{"embeddable":true,"href":"http:\/\/www.elenacabrera.com\/weblog3\/wp-json\/wp\/v2\/users\/1"}],"replies":[{"embeddable":true,"href":"http:\/\/www.elenacabrera.com\/weblog3\/wp-json\/wp\/v2\/comments?post=2002003764"}],"version-history":[{"count":1,"href":"http:\/\/www.elenacabrera.com\/weblog3\/wp-json\/wp\/v2\/posts\/2002003764\/revisions"}],"predecessor-version":[{"id":2002003765,"href":"http:\/\/www.elenacabrera.com\/weblog3\/wp-json\/wp\/v2\/posts\/2002003764\/revisions\/2002003765"}],"wp:attachment":[{"href":"http:\/\/www.elenacabrera.com\/weblog3\/wp-json\/wp\/v2\/media?parent=2002003764"}],"wp:term":[{"taxonomy":"category","embeddable":true,"href":"http:\/\/www.elenacabrera.com\/weblog3\/wp-json\/wp\/v2\/categories?post=2002003764"},{"taxonomy":"post_tag","embeddable":true,"href":"http:\/\/www.elenacabrera.com\/weblog3\/wp-json\/wp\/v2\/tags?post=2002003764"}],"curies":[{"name":"wp","href":"https:\/\/api.w.org\/{rel}","templated":true}]}}