{"id":2002003799,"date":"2021-08-17T09:53:18","date_gmt":"2021-08-17T07:53:18","guid":{"rendered":"http:\/\/www.elenacabrera.com\/weblog\/?p=2002003799"},"modified":"2021-08-26T15:59:40","modified_gmt":"2021-08-26T13:59:40","slug":"21-750-millones-de-euros","status":"publish","type":"post","link":"http:\/\/www.elenacabrera.com\/weblog3\/2021\/08\/17\/21-750-millones-de-euros\/","title":{"rendered":"21.750 millones de euros"},"content":{"rendered":"\n<p>La represi\u00f3n sobre los perdedores de la Guerra Civil se prolong\u00f3 a lo largo de los 40 a\u00f1os que dur\u00f3 la dictadura. En 1979 comienza un proceso de reparaci\u00f3n econ\u00f3mica que el movimiento memorialista y algunos partidos pol\u00edticos <a href=\"https:\/\/www.eldiario.es\/sociedad\/borrador-ley-memoria-no-convence-asociaciones-parte-izquierdas-suspende-antifascismo_1_8114667.html\" target=\"_blank\" rel=\"noreferrer noopener\">no consideran zanjado en absoluto<\/a>. El Gobierno, seg\u00fan un estudio interno al que ha tenido acceso elDiario.es, reconoce que 21.749 millones de euros (hasta diciembre de 2020) es el total de lo que la Administraci\u00f3n General del Estado ha dedicado a reparaciones econ\u00f3micas a las v\u00edctimas de la Guerra Civil y el franquismo. Es la cantidad m\u00e1s alta que se ha gastado nunca el Estado en indemnizar a v\u00edctimas, seguida muy de lejos por las afectadas por el aceite de colza.<\/p>\n\n\n\n<p>Esta cantidad incluye las reparaciones en forma de pensiones a militares, combatientes, mutilados, as\u00ed como sus familiares en caso de fallecimiento y los asesinados y desaparecidos; estos son 547.670 beneficiarios y un importe de 21.349 millones de euros, estando el grueso de la reparaci\u00f3n en los militares no profesionales. Por otro lado, se recogen tambi\u00e9n las reparaciones a las personas que sufrieron prisi\u00f3n, tanto en la compensaci\u00f3n de aportaciones a la Seguridad Social como en indemnizaciones; esto ha afectado a 60.683 personas, con un importe de 397 millones de euros. Por \u00faltimo, se recogen tambi\u00e9n las 49 indemnizaciones a los herederos de personas que dieron la vida en defensa de la democracia entre 1968 y 1977 cuyos expedientes fueron aceptados de entre los 190 que se presentaron; esto supuso 2,8 millones de euros.<\/p>\n\n\n\n<p class=\"has-text-align-right\"><em><a href=\"https:\/\/www.eldiario.es\/sociedad\/ajuste-cuentas-democracia-franquismo-21-750-millones-victimas-guerra-civil-dictadura_1_8218631.html\" target=\"_blank\" rel=\"noreferrer noopener\">Sigue leyendo en elDiario.es<\/a><\/em><\/p>\n","protected":false},"excerpt":{"rendered":"<p>Ya sabemos cu\u00e1nto ha invertido el Estado en reparaciones econ\u00f3micas (pensiones e indemizaciones a ex-presos) durante la democracia<\/p>\n","protected":false},"author":1,"featured_media":2002003800,"comment_status":"closed","ping_status":"closed","sticky":false,"template":"","format":"standard","meta":{"footnotes":""},"categories":[],"tags":[],"class_list":["post-2002003799","post","type-post","status-publish","format-standard","has-post-thumbnail","hentry"],"_links":{"self":[{"href":"http:\/\/www.elenacabrera.com\/weblog3\/wp-json\/wp\/v2\/posts\/2002003799","targetHints":{"allow":["GET"]}}],"collection":[{"href":"http:\/\/www.elenacabrera.com\/weblog3\/wp-json\/wp\/v2\/posts"}],"about":[{"href":"http:\/\/www.elenacabrera.com\/weblog3\/wp-json\/wp\/v2\/types\/post"}],"author":[{"embeddable":true,"href":"http:\/\/www.elenacabrera.com\/weblog3\/wp-json\/wp\/v2\/users\/1"}],"replies":[{"embeddable":true,"href":"http:\/\/www.elenacabrera.com\/weblog3\/wp-json\/wp\/v2\/comments?post=2002003799"}],"version-history":[{"count":1,"href":"http:\/\/www.elenacabrera.com\/weblog3\/wp-json\/wp\/v2\/posts\/2002003799\/revisions"}],"predecessor-version":[{"id":2002003801,"href":"http:\/\/www.elenacabrera.com\/weblog3\/wp-json\/wp\/v2\/posts\/2002003799\/revisions\/2002003801"}],"wp:featuredmedia":[{"embeddable":true,"href":"http:\/\/www.elenacabrera.com\/weblog3\/wp-json\/wp\/v2\/media\/2002003800"}],"wp:attachment":[{"href":"http:\/\/www.elenacabrera.com\/weblog3\/wp-json\/wp\/v2\/media?parent=2002003799"}],"wp:term":[{"taxonomy":"category","embeddable":true,"href":"http:\/\/www.elenacabrera.com\/weblog3\/wp-json\/wp\/v2\/categories?post=2002003799"},{"taxonomy":"post_tag","embeddable":true,"href":"http:\/\/www.elenacabrera.com\/weblog3\/wp-json\/wp\/v2\/tags?post=2002003799"}],"curies":[{"name":"wp","href":"https:\/\/api.w.org\/{rel}","templated":true}]}}