{"id":2002003803,"date":"2021-08-26T00:41:40","date_gmt":"2021-08-25T22:41:40","guid":{"rendered":"http:\/\/www.elenacabrera.com\/weblog\/?p=2002003803"},"modified":"2021-08-26T16:06:32","modified_gmt":"2021-08-26T14:06:32","slug":"lugares-sin-memoria","status":"publish","type":"post","link":"http:\/\/www.elenacabrera.com\/weblog3\/2021\/08\/26\/lugares-sin-memoria\/","title":{"rendered":"Lugares sin memoria"},"content":{"rendered":"\n<p>Una de mis obsesiones es conocer c\u00f3mo marca el tiempo a trav\u00e9s de su paso por un sitio. Me impresiona mucho la perdurabilidad de lo s\u00f3lido, en especial la piedra, ante el ciclo moment\u00e1neo de los que nacemos y morimos y, en un momento dado de esa insignificante existencia, pasamos por all\u00ed, rozamos con los dedos de la mano esa pared, derramamos nuestra sangre sobre ese suelo, dormimos encerrados bajo ese techo.<\/p>\n\n\n\n<p>Confieso que me tienta la idea de la psicogeograf\u00eda y a veces me gusta pensar que los lugares conservan una memoria de s\u00ed mismos, como si almenasen datos cual organismo vivo.<\/p>\n\n\n\n<p>De ser as\u00ed, es una memoria muda. Aunque no es tan dif\u00edcil encontrar los cabos sueltos que nos sirven para contar el cuento. En el solar de Peironcely hay restos del suelo de las casas que fueron derruidas por los bombardeos en los a\u00f1os 30. En el patio interior del restaurante Casa Anido est\u00e1n los p\u00edos que usaban para hacer las conservas de sardinas en lata de los Roman\u00ed y que, en la Guerra Civil, usaron los presos del campo de concentraci\u00f3n para dormir calientes dentro de ellos. En un contenedor de la basura aparece un archivador que es recogido de all\u00ed por un activista de la memoria. Hubo un tiempo, quiz\u00e1 solo fue un d\u00eda en la historia, en el que las autoridades franquistas, diplom\u00e1ticas y religiosas se colocaron en una escalinata construida en un cerro, e hicieron como que aquello era importante, aunque lo olvidar\u00edan pronto (pero los trabajadores esclavos que picaron piedra y la arrastraron para colocarla all\u00ed no olvidaron).<\/p>\n\n\n\n<p>Estos d\u00edas se ha publicado en elDiario.es una peque\u00f1a serie de art\u00edculos que he escrito, titulada Lugares sin memoria. Ojal\u00e1 pudiera ser m\u00e1s larga, estar\u00eda escribiendo sobre sitios as\u00ed todo el rato, no har\u00eda otra cosa y ser\u00eda feliz.<\/p>\n\n\n\n<ol class=\"wp-block-list\"><li><a rel=\"noreferrer noopener\" href=\"https:\/\/www.eldiario.es\/sociedad\/historia-terrible-latas-conservas-muros_1_8202749.html\" data-type=\"URL\" data-id=\"https:\/\/www.eldiario.es\/sociedad\/historia-terrible-latas-conservas-muros_1_8202749.html\" target=\"_blank\">Una historia terrible entre las latas de conservas de Muros<\/a><\/li><li><a rel=\"noreferrer noopener\" href=\"https:\/\/www.eldiario.es\/sociedad\/ninos-muertos-perpinan_1_8213245.html\" data-type=\"URL\" data-id=\"https:\/\/www.eldiario.es\/sociedad\/ninos-muertos-perpinan_1_8213245.html\" target=\"_blank\">D\u00f3nde est\u00e1n los ni\u00f1os muertos en Perpi\u00f1\u00e1n<\/a><\/li><li><a rel=\"noreferrer noopener\" href=\"https:\/\/www.eldiario.es\/sociedad\/nadie-recordaria-fabrica-si-hubiera-adelantado-camion-basura_1_8224071.html\" data-type=\"URL\" data-id=\"https:\/\/www.eldiario.es\/sociedad\/nadie-recordaria-fabrica-si-hubiera-adelantado-camion-basura_1_8224071.html\" target=\"_blank\">Nadie recordar\u00eda esa f\u00e1brica si se hubiera adelantado el cami\u00f3n de la basura<\/a><\/li><li><a rel=\"noreferrer noopener\" href=\"https:\/\/www.eldiario.es\/sociedad\/descampado-peironcely-todavia-caen-bombas-vallecas_1_8233272.html\" data-type=\"URL\" data-id=\"https:\/\/www.eldiario.es\/sociedad\/descampado-peironcely-todavia-caen-bombas-vallecas_1_8233272.html\" target=\"_blank\">El descampado de Peironcely: todav\u00eda caen bombas sobre Vallecas<\/a><\/li><li><a rel=\"noreferrer noopener\" href=\"https:\/\/www.eldiario.es\/sociedad\/pensaron-construyendo-pisos-nuevos-nadie-acordaria-viejas-historias-guerra_1_8234869.html\" data-type=\"URL\" data-id=\"https:\/\/www.eldiario.es\/sociedad\/pensaron-construyendo-pisos-nuevos-nadie-acordaria-viejas-historias-guerra_1_8234869.html\" target=\"_blank\">Pensaron que construyendo pisos nuevos, nadie se acordar\u00eda de las viejas historias de la guerra<\/a><\/li><li><a href=\"https:\/\/www.eldiario.es\/sociedad\/monumento-franquista-mitad-no-no-mirarlo-deja-existir_1_8235696.html\" data-type=\"URL\" data-id=\"https:\/\/www.eldiario.es\/sociedad\/monumento-franquista-mitad-no-no-mirarlo-deja-existir_1_8235696.html\">Un monumento franquista en medio de la nada: no por no mirarlo, deja de existir<\/a><\/li><\/ol>\n\n\n\n<p>He rivalizado conmigo misma en el titular m\u00e1s largo. Bueno, creo que en esta ocasi\u00f3n lo merec\u00eda, como puerta de entrada a una historia.<\/p>\n\n\n\n<p>Larga vida al periodismo de verano, que permite hacer estas cosas y a la gente tener tiempo para leerlas.<\/p>\n","protected":false},"excerpt":{"rendered":"<p>Una de mis obsesiones es conocer c\u00f3mo marca el tiempo a trav\u00e9s de su paso por un sitio. Me impresiona mucho la perdurabilidad de lo s\u00f3lido, en especial la piedra, ante el ciclo moment\u00e1neo de los que nacemos y morimos y, en un momento dado de esa insignificante existencia, pasamos por all\u00ed, rozamos con los [&hellip;]<\/p>\n","protected":false},"author":1,"featured_media":2002003806,"comment_status":"closed","ping_status":"closed","sticky":false,"template":"","format":"standard","meta":{"footnotes":""},"categories":[],"tags":[],"class_list":["post-2002003803","post","type-post","status-publish","format-standard","has-post-thumbnail","hentry"],"_links":{"self":[{"href":"http:\/\/www.elenacabrera.com\/weblog3\/wp-json\/wp\/v2\/posts\/2002003803","targetHints":{"allow":["GET"]}}],"collection":[{"href":"http:\/\/www.elenacabrera.com\/weblog3\/wp-json\/wp\/v2\/posts"}],"about":[{"href":"http:\/\/www.elenacabrera.com\/weblog3\/wp-json\/wp\/v2\/types\/post"}],"author":[{"embeddable":true,"href":"http:\/\/www.elenacabrera.com\/weblog3\/wp-json\/wp\/v2\/users\/1"}],"replies":[{"embeddable":true,"href":"http:\/\/www.elenacabrera.com\/weblog3\/wp-json\/wp\/v2\/comments?post=2002003803"}],"version-history":[{"count":2,"href":"http:\/\/www.elenacabrera.com\/weblog3\/wp-json\/wp\/v2\/posts\/2002003803\/revisions"}],"predecessor-version":[{"id":2002003805,"href":"http:\/\/www.elenacabrera.com\/weblog3\/wp-json\/wp\/v2\/posts\/2002003803\/revisions\/2002003805"}],"wp:featuredmedia":[{"embeddable":true,"href":"http:\/\/www.elenacabrera.com\/weblog3\/wp-json\/wp\/v2\/media\/2002003806"}],"wp:attachment":[{"href":"http:\/\/www.elenacabrera.com\/weblog3\/wp-json\/wp\/v2\/media?parent=2002003803"}],"wp:term":[{"taxonomy":"category","embeddable":true,"href":"http:\/\/www.elenacabrera.com\/weblog3\/wp-json\/wp\/v2\/categories?post=2002003803"},{"taxonomy":"post_tag","embeddable":true,"href":"http:\/\/www.elenacabrera.com\/weblog3\/wp-json\/wp\/v2\/tags?post=2002003803"}],"curies":[{"name":"wp","href":"https:\/\/api.w.org\/{rel}","templated":true}]}}