{"id":2002003809,"date":"2021-11-04T19:18:01","date_gmt":"2021-11-04T17:18:01","guid":{"rendered":"http:\/\/www.elenacabrera.com\/weblog\/?p=2002003809"},"modified":"2021-11-05T16:15:23","modified_gmt":"2021-11-05T14:15:23","slug":"85-anos-desde-que-te-mataron","status":"publish","type":"post","link":"http:\/\/www.elenacabrera.com\/weblog3\/2021\/11\/04\/85-anos-desde-que-te-mataron\/","title":{"rendered":"85 a\u00f1os desde que te mataron"},"content":{"rendered":"\n<p>Querido abuelo: me llamo Elena, soy hija de tu hijo, no nos conociste a ninguno de los dos porque te mataron un d\u00eda como hoy hace 85 a\u00f1os. Mi padre, Luis, era un beb\u00e9 reci\u00e9n nacido. Yo tengo ya 46 a\u00f1os. Perd\u00f3name por haber llegado tan tarde a buscarte, no s\u00e9 qu\u00e9 me entretuvo. Quiz\u00e1s, simplemente, que est\u00e1bamos a otra cosa.<\/p>\n\n\n\n<p>Abuelo, soy periodista. Me gustar\u00eda saber qu\u00e9 peri\u00f3dico le\u00edas t\u00fa en los a\u00f1os 30 en Toledo, si eras m\u00e1s de El Castellano o de El Socialista. Quiero pensar que del segundo, aunque fue el primero, un peri\u00f3dico de derechas y cat\u00f3lico, el que me trajo noticias tuyas. Lo sabr\u00e1s perfectamente porque sucedi\u00f3 en 1934 y mis compa\u00f1eros de aquel entonces dieron cuenta de tu participaci\u00f3n como testigo en el juicio contra tus compa\u00f1eros de aquel entonces: Hilario, Agust\u00edn y Julio, camareros, como t\u00fa; sindicalistas, como t\u00fa.<\/p>\n\n\n\n<p>De lo que no dijeron nada los peri\u00f3dicos fue de tu asesinato. En ese momento de terror en vuestra ciudad no hab\u00eda tinta, solo sangre. Al final, despu\u00e9s de todo este tiempo busc\u00e1ndote, no s\u00e9 nada de tu muerte pero s\u00e9 muchas cosas de tu vida que no me cont\u00f3 nadie de peque\u00f1a: que te gustaba trabajar la madera, y se te daba bien, que trabajabas en el Caf\u00e9 Espa\u00f1ol en la plaza de Zocodover, que tu padre muri\u00f3 solo dos a\u00f1os antes que t\u00fa, cayendo al Tajo, que defendias a tus compa\u00f1eros, que te manten\u00edas a flote entre dos aguas, que no tuvo que ser f\u00e1cil para ti estar con tus compa\u00f1eros, defenderlos, apoyar la huelga, luchar por lo que considerabas justo, y luego volver a casa donde te esperaban tus cu\u00f1ados falangistas, carlistas, reaccionarios. Fachas, en definitiva, que los llamamos ahora.<\/p>\n\n\n\n<p>Cuando te mataron, nos arrebataron de ti y como consuelo puedo decir que al menos te ahorraste ver toda la muerte y la represi\u00f3n que vino despu\u00e9s; se luch\u00f3 fieramente contra los fascistas tres a\u00f1os m\u00e1s pero la derrota fue inmensa y eterna: le siguieron 40 a\u00f1os de dictadura y no te creas que ha acabado del todo. Te sorprender\u00e1 saber que hay mucha gente, de los vencidos, que fueron enterrados qui\u00e9n sabe d\u00f3nde y perdidos para siempre. A otros todav\u00eda los estamos encontrando. La humillaci\u00f3n sigue bajo la tierra.<\/p>\n\n\n\n<p>Me parece importante comunicarte que t\u00fa no eres uno de ellos. Durante a\u00f1os pensaba que estabas desaparecido y cuando al fin me anim\u00e9 a buscarte, averig\u00fc\u00e9 que me esperabas mucho m\u00e1s cerca de lo que nunca me podr\u00eda haber imaginado. En los \u00faltimos d\u00edas de tu vida te encerraron tras unos barrotes pero la c\u00e1rcel m\u00e1s grande, la condena que padeciste durante d\u00e9cadas, se te impuso con puertas blindadas de silencios. En casa no se hablaba de ti, como de muchas otras cosas, como en muchas otras casas.<\/p>\n\n\n\n<p>Abuelo Raimundo, te quiero sin haberte conocido, en eso consiste la lealtad y la familia. La familia de aquel entonces no te ayud\u00f3 cuando lo necesitabas; c\u00f3mo iban a hacerlo, si representas todo aquello que repudiaban. Yo, t\u00fa familia de este entonces, <a href=\"http:\/\/www.elenacabrera.com\/weblog\/algunas-lagunas\/\">he hecho por ti todo lo que he podido<\/a>, sabiendo que nunca ser\u00e1 suficiente.<\/p>\n","protected":false},"excerpt":{"rendered":"<p>Querido abuelo: me llamo Elena, soy hija de tu hijo, no nos conociste a ninguno de los dos porque te mataron un d\u00eda como hoy hace 85 a\u00f1os. Mi padre, Luis, era un beb\u00e9 reci\u00e9n nacido. Yo tengo ya 46 a\u00f1os. Perd\u00f3name por haber llegado tan tarde a buscarte, no s\u00e9 qu\u00e9 me entretuvo. Quiz\u00e1s, [&hellip;]<\/p>\n","protected":false},"author":1,"featured_media":2002003811,"comment_status":"closed","ping_status":"closed","sticky":false,"template":"","format":"standard","meta":{"footnotes":""},"categories":[],"tags":[],"class_list":["post-2002003809","post","type-post","status-publish","format-standard","has-post-thumbnail","hentry"],"_links":{"self":[{"href":"http:\/\/www.elenacabrera.com\/weblog3\/wp-json\/wp\/v2\/posts\/2002003809","targetHints":{"allow":["GET"]}}],"collection":[{"href":"http:\/\/www.elenacabrera.com\/weblog3\/wp-json\/wp\/v2\/posts"}],"about":[{"href":"http:\/\/www.elenacabrera.com\/weblog3\/wp-json\/wp\/v2\/types\/post"}],"author":[{"embeddable":true,"href":"http:\/\/www.elenacabrera.com\/weblog3\/wp-json\/wp\/v2\/users\/1"}],"replies":[{"embeddable":true,"href":"http:\/\/www.elenacabrera.com\/weblog3\/wp-json\/wp\/v2\/comments?post=2002003809"}],"version-history":[{"count":6,"href":"http:\/\/www.elenacabrera.com\/weblog3\/wp-json\/wp\/v2\/posts\/2002003809\/revisions"}],"predecessor-version":[{"id":2002003816,"href":"http:\/\/www.elenacabrera.com\/weblog3\/wp-json\/wp\/v2\/posts\/2002003809\/revisions\/2002003816"}],"wp:featuredmedia":[{"embeddable":true,"href":"http:\/\/www.elenacabrera.com\/weblog3\/wp-json\/wp\/v2\/media\/2002003811"}],"wp:attachment":[{"href":"http:\/\/www.elenacabrera.com\/weblog3\/wp-json\/wp\/v2\/media?parent=2002003809"}],"wp:term":[{"taxonomy":"category","embeddable":true,"href":"http:\/\/www.elenacabrera.com\/weblog3\/wp-json\/wp\/v2\/categories?post=2002003809"},{"taxonomy":"post_tag","embeddable":true,"href":"http:\/\/www.elenacabrera.com\/weblog3\/wp-json\/wp\/v2\/tags?post=2002003809"}],"curies":[{"name":"wp","href":"https:\/\/api.w.org\/{rel}","templated":true}]}}