{"id":2002003824,"date":"2022-01-30T13:52:14","date_gmt":"2022-01-30T11:52:14","guid":{"rendered":"http:\/\/www.elenacabrera.com\/weblog\/?p=2002003824"},"modified":"2022-01-30T13:52:17","modified_gmt":"2022-01-30T11:52:17","slug":"gana-lo-correcto","status":"publish","type":"post","link":"http:\/\/www.elenacabrera.com\/weblog3\/2022\/01\/30\/gana-lo-correcto\/","title":{"rendered":"Gana lo correcto"},"content":{"rendered":"\n<p>No gan\u00f3 <a href=\"https:\/\/www.eldiario.es\/cultura\/rigoberta-bandini-pecho-estilo-delacroix_1_8699223.html\" data-type=\"URL\" data-id=\"https:\/\/www.eldiario.es\/cultura\/rigoberta-bandini-pecho-estilo-delacroix_1_8699223.html\">la teta al estilo Delacroix<\/a> ni la<em> foliada de pandeiretas <\/em>ni <a href=\"https:\/\/twitter.com\/elenac\/status\/1486834202733649924\" data-type=\"URL\" data-id=\"https:\/\/twitter.com\/elenac\/status\/1486834202733649924\">la lesbianizaci\u00f3n de Europa<\/a>; gan\u00f3 lo que ten\u00eda que ganar para que todo siga igual. <em>Si hai fronteiras<\/em> y estas son las de la industria, las que indican qu\u00e9 no debes hacer para salirte del tiesto, lo que funciona, lo que vende, lo correcto. En el BenidormFest, la selecci\u00f3n espa\u00f1ola para Eurovisi\u00f3n, ha ganado la normatividad porque RTVE lo quiere as\u00ed.<\/p>\n\n\n\n<p>En esta ocasi\u00f3n, tonta de m\u00ed, volv\u00ed a ilusionarme. Y, una vez m\u00e1s, me volv\u00ed a pegar una hostia.<\/p>\n\n\n\n<p>La m\u00fasica, para m\u00ed pesar, ha dejado de ser hilo conductor, veh\u00edculo de rebeld\u00eda, estandarte de identidad. Cuando en raras ocasiones como esta las canciones vuelven a asomar con la fuerza que tuvieron en el siglo XX, me emociono. Pienso que algo podr\u00eda cambiar y que no estoy sola en eso.<\/p>\n\n\n\n<p>Pero quien maneja el dinero y los mensajes se cuida de poner en el centro al jurado, esa instituci\u00f3n que representa el conocimiento experto, la sofocracia cultural: para que el orden establecido se tambalee pero no caiga. Que el sistema se tambalee es necesario para que el sistema se perpet\u00fae (como nos ense\u00f1aron las Wachowski en Matrix).<\/p>\n\n\n\n<p>Escribo esto y pienso que parece que es que estaba defendiendo que Esplendor Geom\u00e9trico fuera a Eurovisi\u00f3n. Y en realidad no era para tanto: solo unas t\u00edas que cantan en galego o una mujer que pregunta por qu\u00e9 dan tanto miedo nuestras tetas. Es muy dif\u00edcil actuar en el mainstream por eso <a href=\"https:\/\/twitter.com\/elenac\/status\/1487607780869611526\" data-type=\"URL\" data-id=\"https:\/\/twitter.com\/elenac\/status\/1487607780869611526\">hoy, de nuevo, nos replegamos a nuestras trincheras<\/a>. Como siempre.<\/p>\n\n\n\n<p>Lo ha dicho la persona delegada de RTVE para planificar la estrategia de Espa\u00f1a en Eurovisi\u00f3n: lo que cuenta es la IDEONEIDAD (y lo ha dicho en may\u00fasculas, por si hab\u00eda alguna duda).<\/p>\n\n\n\n<figure class=\"wp-block-embed-twitter wp-block-embed is-type-rich is-provider-twitter\"><div class=\"wp-block-embed__wrapper\">\n<blockquote class=\"twitter-tweet\" data-width=\"500\" data-dnt=\"true\"><p lang=\"es\" dir=\"ltr\">Todos son ganadores.<br>Se trata de encontrar la candidatura m\u00e1s ID\u00d3NEA para Espa\u00f1a \ud83c\uddea\ud83c\uddf8 en Eurovisi\u00f3n <a href=\"https:\/\/twitter.com\/eurovision_tve?ref_src=twsrc%5Etfw\">@eurovision_tve<\/a><\/p>&mdash; Eva Mora (@evamora_tve) <a href=\"https:\/\/twitter.com\/evamora_tve\/status\/1487380919157723140?ref_src=twsrc%5Etfw\">January 29, 2022<\/a><\/blockquote><script async src=\"https:\/\/platform.twitter.com\/widgets.js\" charset=\"utf-8\"><\/script>\n<\/div><\/figure>\n\n\n\n<p>Eurovisi\u00f3n es un producto televisivo de las radiotelevisiones europeas. Uno podr\u00eda esperar que la radiotelevisi\u00f3n p\u00fablica de este pa\u00eds tuviera cierta sensibilidad pero recordemos lo que hay: la gran apuesta de RTVE por la m\u00fasica es un<em> reality show<\/em> que consiste en hacer competir a cantantes desconocidos para formarles como estrellas, exponiendo su vida \u00edntima y meti\u00e9ndola dentro de la ecuaci\u00f3n del programa. Ese programa acomodado, aburrido y residual que son <a href=\"https:\/\/www.rtve.es\/radio\/radio3\/conciertos\/\">Los conciertos de Radio 3<\/a> en La 2 a la una y media de la madrugada. De vez en cuando, hay que admitirlo, compran alg\u00fan producto de prestigio y bien elaborado, como <a href=\"https:\/\/www.rtve.es\/play\/videos\/un-pais-para-escucharlo\/\">Un pa\u00eds para escucharlo<\/a> o <a href=\"https:\/\/www.rtve.es\/play\/videos\/mapa-sonoro\/\" data-type=\"URL\" data-id=\"https:\/\/www.rtve.es\/play\/videos\/mapa-sonoro\/\">Mapa sonoro<\/a> (ambos, curiosamente, mezclando viajes y m\u00fasica). O <a href=\"https:\/\/www.rtve.es\/play\/videos\/cachitos-de-hierro-y-cromo\/\" data-type=\"URL\" data-id=\"https:\/\/www.rtve.es\/play\/videos\/cachitos-de-hierro-y-cromo\/\">Cachitos de hierro y cromo<\/a>, probablemente el programa m\u00e1s barato de la tele que basa su \u00e9xito en hacerse el gracioso rescatando fragmentos cortos de un archivo que todos los martes nos recuerda lo mismo: hace a\u00f1os hab\u00eda m\u00fasica en la tele. Recordemos, tambi\u00e9n, que parece que RTVE <a href=\"https:\/\/www.eldiario.es\/cultura\/pasando-radio-3_130_8580830.html\" data-type=\"URL\" data-id=\"https:\/\/www.eldiario.es\/cultura\/pasando-radio-3_130_8580830.html\">no sabe c\u00f3mo reflotar Radio 3<\/a>.<\/p>\n\n\n\n<p>Por eso, <a href=\"https:\/\/vertele.eldiario.es\/noticias\/xeinn-actuacion-benidorm-fest-homenaje-programas-musicales-tve_1_8697796.html\" data-type=\"URL\" data-id=\"https:\/\/vertele.eldiario.es\/noticias\/xeinn-actuacion-benidorm-fest-homenaje-programas-musicales-tve_1_8697796.html\">el rescate del r\u00f3tulo de Tocata en la actuaci\u00f3n de Xeinn<\/a> no tuvo ninguna gracia. M\u00e1s bien al contrario: una parodia que nos recordaba que hay que retrotraerse a nuestra infancia, unos ridiculizados y estereotipados a\u00f1os 80 (seg\u00fan lo de Xeinn) para encontrar <a href=\"https:\/\/www.rtve.es\/play\/videos\/la-edad-de-oro\/\" data-type=\"URL\" data-id=\"https:\/\/www.rtve.es\/play\/videos\/la-edad-de-oro\/\">un tiempo en el que la m\u00fasica en Televisi\u00f3n Espa\u00f1ola importaba<\/a>.<\/p>\n","protected":false},"excerpt":{"rendered":"<p>No gan\u00f3 la teta al estilo Delacroix ni la foliada de pandeiretas ni la lesbianizaci\u00f3n de Europa; gan\u00f3 lo que ten\u00eda que ganar para que todo siga igual. Si hai fronteiras y estas son las de la industria, las que indican qu\u00e9 no debes hacer para salirte del tiesto, lo que funciona, lo que vende, [&hellip;]<\/p>\n","protected":false},"author":1,"featured_media":2002003826,"comment_status":"closed","ping_status":"closed","sticky":false,"template":"","format":"standard","meta":{"footnotes":""},"categories":[],"tags":[],"class_list":["post-2002003824","post","type-post","status-publish","format-standard","has-post-thumbnail","hentry"],"_links":{"self":[{"href":"http:\/\/www.elenacabrera.com\/weblog3\/wp-json\/wp\/v2\/posts\/2002003824","targetHints":{"allow":["GET"]}}],"collection":[{"href":"http:\/\/www.elenacabrera.com\/weblog3\/wp-json\/wp\/v2\/posts"}],"about":[{"href":"http:\/\/www.elenacabrera.com\/weblog3\/wp-json\/wp\/v2\/types\/post"}],"author":[{"embeddable":true,"href":"http:\/\/www.elenacabrera.com\/weblog3\/wp-json\/wp\/v2\/users\/1"}],"replies":[{"embeddable":true,"href":"http:\/\/www.elenacabrera.com\/weblog3\/wp-json\/wp\/v2\/comments?post=2002003824"}],"version-history":[{"count":3,"href":"http:\/\/www.elenacabrera.com\/weblog3\/wp-json\/wp\/v2\/posts\/2002003824\/revisions"}],"predecessor-version":[{"id":2002003828,"href":"http:\/\/www.elenacabrera.com\/weblog3\/wp-json\/wp\/v2\/posts\/2002003824\/revisions\/2002003828"}],"wp:featuredmedia":[{"embeddable":true,"href":"http:\/\/www.elenacabrera.com\/weblog3\/wp-json\/wp\/v2\/media\/2002003826"}],"wp:attachment":[{"href":"http:\/\/www.elenacabrera.com\/weblog3\/wp-json\/wp\/v2\/media?parent=2002003824"}],"wp:term":[{"taxonomy":"category","embeddable":true,"href":"http:\/\/www.elenacabrera.com\/weblog3\/wp-json\/wp\/v2\/categories?post=2002003824"},{"taxonomy":"post_tag","embeddable":true,"href":"http:\/\/www.elenacabrera.com\/weblog3\/wp-json\/wp\/v2\/tags?post=2002003824"}],"curies":[{"name":"wp","href":"https:\/\/api.w.org\/{rel}","templated":true}]}}