{"id":2002003835,"date":"2022-08-04T21:17:10","date_gmt":"2022-08-04T19:17:10","guid":{"rendered":"http:\/\/www.elenacabrera.com\/weblog\/?p=2002003835"},"modified":"2022-08-05T21:12:23","modified_gmt":"2022-08-05T19:12:23","slug":"madrid-en-agosto","status":"publish","type":"post","link":"http:\/\/www.elenacabrera.com\/weblog3\/2022\/08\/04\/madrid-en-agosto\/","title":{"rendered":"Madrid en agosto"},"content":{"rendered":"\n<p>Se me r\u00eden los compa\u00f1eros que est\u00e1n de vacaciones porque les digo que <em>me encanta<\/em> trabajar en agosto en Madrid. <em>\u00abMe encanta\u00bb,<\/em> me repiten, imit\u00e1ndome con sarcasmo.<\/p>\n\n\n\n<p>Pues s\u00ed. Yo qu\u00e9 s\u00e9.<\/p>\n\n\n\n<p>Me encanta.<\/p>\n\n\n\n<p>Primero, porque puedes pensar. Esto no pasa todos los meses del a\u00f1o, en los que haces y haces y no piensas en lo que haces. Tambi\u00e9n es verdad que con frecuencia hace tanto calor que quiz\u00e1 tienes el tiempo para hacerlo pero el cerebro frito. <\/p>\n\n\n\n<p>Hoy he tenido que coger tres bicis de Bicimad hasta encontrar una que m\u00e1s o menos me trajera a casa. Solo ten\u00eda freno en una rueda y el sill\u00edn se giraba al pedalear. La primera estaba pinchada y la segunda ten\u00eda roto el motor el\u00e9ctrico. Despu\u00e9s, ya no hab\u00eda donde elegir. Eran las ocho de la tarde y un term\u00f3metro que he visto en Luchana marcaba 38\u00ba. Yo hoy llevaba un vestido m\u00ednimo, un mono de pantal\u00f3n corto y escote palabra de honor y a\u00fan as\u00ed\u00b4, he llegado sudad\u00edsima.<\/p>\n\n\n\n<p>Por el carril bici de Serrano, que est\u00e1 sobre la acera derecha seg\u00fan miras hacia el norte, tienes que ir procurando no apretar los dientes, porque te los puedes romper en los baches de los tablones de madera. Cada d\u00eda es peor, ya que se va deteriorando m\u00e1s. La sensaci\u00f3n es como ir en un carromato por un pedregal. Aunque nunca hayas ido en un carromato por un pedregal te puedes hacer una idea. Por ese carril bici hay qur ir siempre con la mano izquierda sobre el timbre de la bici. A veces, cuando ya est\u00e1s en Serrano, descubres que has cogiod una bici que no tiene timbre. En ese caso, hay que prepararse psicol\u00f3gicamente para ir gritando a la gente. En Serrano siempre hay panolis parados en el carril bici que, cuando les llamas la atenci\u00f3n con el timbre o les pegas un grito, te miran como si fuera la primera vez en su vida en que reparan que <em>ah\u00ed<\/em>, en <em>su <\/em>acera, hay un carril para las bicis.<\/p>\n\n\n\n<p>En agosto, estos incidentes son menos frecuente, sencillamente porque hay notablemente menos gente en la ciudad. Por ese mismo motivo puedes ir en metro y sentarte en un asiento (y tambi\u00e9n esperar una media de 10-12 minutos a que llegue el tren, pero eso s\u00ed, puedes esperar tambi\u00e9n sentado un banco del and\u00e9n) y tambi\u00e9n conducir por la ciudad de manera m\u00e1s tranquila y, por tanto, menos peligrosa. <\/p>\n\n\n\n<p>A veces voy en moto. Al fin han terminado las obras de la calle Alcal\u00e1en su cruce con Gran V\u00eda, as\u00ed que ya no hay que sufrir el colapso envuelto en polvo, humo de los tubos de escape y calor de los autobuses que he venido aguantando hasta ahora. Un d\u00eda tuve que para ah\u00ed mismo, para ir a entrevistar <a href=\"https:\/\/www.eldiario.es\/cultura\/luis-garcia-montero-junta-andalucia-entrar-gente-no-cree-democracia_1_9091459.html\">a Luis Garc\u00eda Montero en el Instituto Cervantes<\/a>, y tard\u00e9 diez minutos  en salir de un atolladero de maquinaria pesada, obreros y calles cortadas.<\/p>\n\n\n\n<p>Madrid siempre est\u00e1 en obras pero en agosto todav\u00eda con m\u00e1s ganas. Se sobreentiende que nadie viene de vacaciones o de visita a la capital en estas fechas, as\u00ed que se abren zanjas, se colocan andamios, se corta el tr\u00e1fico se cualquier arteria o, como es el caso, <a href=\"https:\/\/www.eldiario.es\/madrid\/somos\/evitar-corte-linea-6-metro-madrid-alternativas-nuevos-ministerios-sainz-baranda_1_9203252.html\" target=\"_blank\" rel=\"noreferrer noopener\">se cierra la mitad de una l\u00ednea de metro<\/a>. Todos los veranos hay un pu\u00f1ado de estaciones fantasmas, inaccesibles. A cualquier trayecto hay que a\u00f1adirle 20 minutos m\u00e1s, para dar un rodeo. Cuando te encuentras con este inconveniente te enfadas un poco pero despu\u00e9s te resignas. Al final te lo tomas como una tradici\u00f3n.<\/p>\n\n\n\n<p>Ahora, por ejemplo, tenemos vallada la Puerta del Sol una vez m\u00e1s. Una nueva remodelaci\u00f3n va a hacer que siga siendo <a href=\"https:\/\/www.eldiario.es\/madrid\/urbanistas-ciudadanos-reforma-arboles-puerta-sol_1_9087804.html\" target=\"_blank\" rel=\"noreferrer noopener\">fea e inh\u00f3spita<\/a>, una playa de cemento. De igual manera, <a href=\"https:\/\/www.eldiario.es\/madrid\/somos\/noticias\/plaza-reflexionada-madrid-nacio-pulso-capital-chino_1_8501170.html\" target=\"_blank\" rel=\"noreferrer noopener\">la nueva plaza de Espa\u00f1a<\/a> es una reforma fallida: fea, inh\u00f3spita, playa de cemento. Esos tres conceptos valen para cualquier plaza, <a href=\"https:\/\/www.madridiario.es\/noticia\/18857\/madrid\/los-vecinos-creen-que-la-reforma-de-la-plaza-de-la-luna-sera-un-fracaso.html\" target=\"_blank\" rel=\"noreferrer noopener\">para cualquier reforma<\/a> de la que quieras hablar en Madrid.<\/p>\n","protected":false},"excerpt":{"rendered":"<p>Se me r\u00eden los compa\u00f1eros que est\u00e1n de vacaciones porque les digo que me encanta trabajar en agosto en Madrid. \u00abMe encanta\u00bb, me repiten, imit\u00e1ndome con sarcasmo. Pues s\u00ed. Yo qu\u00e9 s\u00e9. Me encanta. Primero, porque puedes pensar. Esto no pasa todos los meses del a\u00f1o, en los que haces y haces y no piensas [&hellip;]<\/p>\n","protected":false},"author":1,"featured_media":2002003840,"comment_status":"closed","ping_status":"closed","sticky":false,"template":"","format":"standard","meta":{"footnotes":""},"categories":[],"tags":[],"class_list":["post-2002003835","post","type-post","status-publish","format-standard","has-post-thumbnail","hentry"],"_links":{"self":[{"href":"http:\/\/www.elenacabrera.com\/weblog3\/wp-json\/wp\/v2\/posts\/2002003835","targetHints":{"allow":["GET"]}}],"collection":[{"href":"http:\/\/www.elenacabrera.com\/weblog3\/wp-json\/wp\/v2\/posts"}],"about":[{"href":"http:\/\/www.elenacabrera.com\/weblog3\/wp-json\/wp\/v2\/types\/post"}],"author":[{"embeddable":true,"href":"http:\/\/www.elenacabrera.com\/weblog3\/wp-json\/wp\/v2\/users\/1"}],"replies":[{"embeddable":true,"href":"http:\/\/www.elenacabrera.com\/weblog3\/wp-json\/wp\/v2\/comments?post=2002003835"}],"version-history":[{"count":8,"href":"http:\/\/www.elenacabrera.com\/weblog3\/wp-json\/wp\/v2\/posts\/2002003835\/revisions"}],"predecessor-version":[{"id":2002003865,"href":"http:\/\/www.elenacabrera.com\/weblog3\/wp-json\/wp\/v2\/posts\/2002003835\/revisions\/2002003865"}],"wp:featuredmedia":[{"embeddable":true,"href":"http:\/\/www.elenacabrera.com\/weblog3\/wp-json\/wp\/v2\/media\/2002003840"}],"wp:attachment":[{"href":"http:\/\/www.elenacabrera.com\/weblog3\/wp-json\/wp\/v2\/media?parent=2002003835"}],"wp:term":[{"taxonomy":"category","embeddable":true,"href":"http:\/\/www.elenacabrera.com\/weblog3\/wp-json\/wp\/v2\/categories?post=2002003835"},{"taxonomy":"post_tag","embeddable":true,"href":"http:\/\/www.elenacabrera.com\/weblog3\/wp-json\/wp\/v2\/tags?post=2002003835"}],"curies":[{"name":"wp","href":"https:\/\/api.w.org\/{rel}","templated":true}]}}