{"id":2002003892,"date":"2022-11-22T15:44:56","date_gmt":"2022-11-22T13:44:56","guid":{"rendered":"http:\/\/www.elenacabrera.com\/weblog\/?p=2002003892"},"modified":"2022-11-22T15:46:15","modified_gmt":"2022-11-22T13:46:15","slug":"nos-vemos-en-la-prospe","status":"publish","type":"post","link":"http:\/\/www.elenacabrera.com\/weblog3\/2022\/11\/22\/nos-vemos-en-la-prospe\/","title":{"rendered":"Nos vemos en La Prospe"},"content":{"rendered":"\n<p>Este martes 22 de noviembre en la Asociaci\u00f3n de Vecinos de Prosperidad (c\/ General Silicio, 21-23. &lt;M&gt; Prosperidad, Madrid), presento <em>La mujer enmascarada.<\/em> Me acompa\u00f1a Alberto Monreal. A las 19:00.<\/p>\n\n\n\n<p>Luego nos tomamos un vino all\u00ed mismo.<\/p>\n\n\n\n<p>Si no tienes el libro, puedes comprarlo all\u00ed, que lo organiza la librer\u00eda El Busc\u00f3n.<\/p>\n\n\n\n<p>Y si ya lo tienes, te lo firmo si quieres.<\/p>\n\n\n\n<figure class=\"wp-block-gallery columns-1 is-cropped wp-block-gallery-1 is-layout-flex wp-block-gallery-is-layout-flex\"><ul class=\"blocks-gallery-grid\"><li class=\"blocks-gallery-item\"><figure><img loading=\"lazy\" decoding=\"async\" width=\"722\" height=\"1022\" src=\"http:\/\/www.elenacabrera.com\/weblog\/wp-content\/uploads\/2022-11-22-Cartel-Presentacion-Libro-La-Mujer-Enmascarada-de-Elena-Cabrera.jpg\" alt=\"\" data-id=\"2002003893\" data-full-url=\"http:\/\/www.elenacabrera.com\/weblog\/wp-content\/uploads\/2022-11-22-Cartel-Presentacion-Libro-La-Mujer-Enmascarada-de-Elena-Cabrera.jpg\" data-link=\"http:\/\/www.elenacabrera.com\/weblog\/nos-vemos-en-la-prospe\/2022-11-22-cartel-presentacion-libro-la-mujer-enmascarada-de-elena-cabrera\/\" class=\"wp-image-2002003893\" srcset=\"http:\/\/www.elenacabrera.com\/weblog3\/wp-content\/uploads\/2022-11-22-Cartel-Presentacion-Libro-La-Mujer-Enmascarada-de-Elena-Cabrera.jpg 722w, http:\/\/www.elenacabrera.com\/weblog3\/wp-content\/uploads\/2022-11-22-Cartel-Presentacion-Libro-La-Mujer-Enmascarada-de-Elena-Cabrera-212x300.jpg 212w\" sizes=\"auto, (max-width: 722px) 100vw, 722px\" \/><\/figure><\/li><\/ul><\/figure>\n","protected":false},"excerpt":{"rendered":"<p>Este martes 22 de noviembre en la Asociaci\u00f3n de Vecinos de Prosperidad (c\/ General Silicio, 21-23. &lt;M&gt; Prosperidad, Madrid), presento La mujer enmascarada. Me acompa\u00f1a Alberto Monreal. A las 19:00. Luego nos tomamos un vino all\u00ed mismo. Si no tienes el libro, puedes comprarlo all\u00ed, que lo organiza la librer\u00eda El Busc\u00f3n. Y si ya [&hellip;]<\/p>\n","protected":false},"author":1,"featured_media":2002003847,"comment_status":"closed","ping_status":"closed","sticky":false,"template":"","format":"standard","meta":{"footnotes":""},"categories":[],"tags":[],"class_list":["post-2002003892","post","type-post","status-publish","format-standard","has-post-thumbnail","hentry"],"_links":{"self":[{"href":"http:\/\/www.elenacabrera.com\/weblog3\/wp-json\/wp\/v2\/posts\/2002003892","targetHints":{"allow":["GET"]}}],"collection":[{"href":"http:\/\/www.elenacabrera.com\/weblog3\/wp-json\/wp\/v2\/posts"}],"about":[{"href":"http:\/\/www.elenacabrera.com\/weblog3\/wp-json\/wp\/v2\/types\/post"}],"author":[{"embeddable":true,"href":"http:\/\/www.elenacabrera.com\/weblog3\/wp-json\/wp\/v2\/users\/1"}],"replies":[{"embeddable":true,"href":"http:\/\/www.elenacabrera.com\/weblog3\/wp-json\/wp\/v2\/comments?post=2002003892"}],"version-history":[{"count":2,"href":"http:\/\/www.elenacabrera.com\/weblog3\/wp-json\/wp\/v2\/posts\/2002003892\/revisions"}],"predecessor-version":[{"id":2002003895,"href":"http:\/\/www.elenacabrera.com\/weblog3\/wp-json\/wp\/v2\/posts\/2002003892\/revisions\/2002003895"}],"wp:featuredmedia":[{"embeddable":true,"href":"http:\/\/www.elenacabrera.com\/weblog3\/wp-json\/wp\/v2\/media\/2002003847"}],"wp:attachment":[{"href":"http:\/\/www.elenacabrera.com\/weblog3\/wp-json\/wp\/v2\/media?parent=2002003892"}],"wp:term":[{"taxonomy":"category","embeddable":true,"href":"http:\/\/www.elenacabrera.com\/weblog3\/wp-json\/wp\/v2\/categories?post=2002003892"},{"taxonomy":"post_tag","embeddable":true,"href":"http:\/\/www.elenacabrera.com\/weblog3\/wp-json\/wp\/v2\/tags?post=2002003892"}],"curies":[{"name":"wp","href":"https:\/\/api.w.org\/{rel}","templated":true}]}}