{"id":2002003906,"date":"2022-08-01T12:16:41","date_gmt":"2022-08-01T10:16:41","guid":{"rendered":"http:\/\/www.elenacabrera.com\/weblog\/?p=2002003906"},"modified":"2022-12-30T12:26:56","modified_gmt":"2022-12-30T10:26:56","slug":"la-mujer-enmascarada","status":"publish","type":"post","link":"http:\/\/www.elenacabrera.com\/weblog3\/2022\/08\/01\/la-mujer-enmascarada\/","title":{"rendered":"La mujer enmascarada"},"content":{"rendered":"\n<p><em>La mujer enmascarada,<\/em> de Elena Cabrera, es un libro de periodismo de interior sobre la vida en la pandemia.<\/p>\n\n\n\n<p>Est\u00e1 compuesto a partir de art\u00edculos escritos de manera diaria en elDiario.es, poniendo el foco en lo que suced\u00eda en la casa, en el barrio, en la ciudad seg\u00fan se suced\u00edan las fases que nos permit\u00edan juntarnos poco a poco con otros.<\/p>\n\n\n\n<p>Est\u00e1 editado en julio de 2022 por Libros.com y se puede pedir <a href=\"https:\/\/libros.com\/comprar\/la-mujer-enmascarada\/\">en la web de la editorial<\/a> o en cualquier librer\u00eda, por 16 euros.<\/p>\n\n\n\n<p><a href=\"https:\/\/libros.com\/adelanto\/la-mujer-enmascarada\/\" data-type=\"URL\" data-id=\"https:\/\/libros.com\/adelanto\/la-mujer-enmascarada\/\">Lee un adelanto<\/a>.<\/p>\n\n\n\n<p>Roc\u00edo Niebla me hizo una entrevista y escribi\u00f3 este art\u00edculo: <a href=\"https:\/\/www.eldiario.es\/nidos\/diario-confinamiento-madre-trabajadora-nina-lado_1_9570757.html\">Diario de confinamiento de una  madre trabajadora con ni\u00f1a al lado<\/a>.<\/p>\n\n\n\n<p>Lo present\u00e9 con Jos\u00e9 Luis L\u00f3pez de Lizaga <a href=\"http:\/\/www.elenacabrera.com\/weblog\/nos-vemos-en-zaragoza\/\">el 19 de noviembre en Zaragoza<\/a> y con Alberto Monreal <a href=\"http:\/\/www.elenacabrera.com\/weblog\/nos-vemos-en-la-prospe\/\">el 22 de noviembre en Madrid<\/a>.<\/p>\n","protected":false},"excerpt":{"rendered":"<p>La mujer enmascarada, de Elena Cabrera, es un libro de periodismo de interior sobre la vida en la pandemia. Est\u00e1 compuesto a partir de art\u00edculos escritos de manera diaria en elDiario.es, poniendo el foco en lo que suced\u00eda en la casa, en el barrio, en la ciudad seg\u00fan se suced\u00edan las fases que nos permit\u00edan [&hellip;]<\/p>\n","protected":false},"author":1,"featured_media":2002003846,"comment_status":"closed","ping_status":"closed","sticky":false,"template":"","format":"standard","meta":{"footnotes":""},"categories":[],"tags":[],"class_list":["post-2002003906","post","type-post","status-publish","format-standard","has-post-thumbnail","hentry"],"_links":{"self":[{"href":"http:\/\/www.elenacabrera.com\/weblog3\/wp-json\/wp\/v2\/posts\/2002003906","targetHints":{"allow":["GET"]}}],"collection":[{"href":"http:\/\/www.elenacabrera.com\/weblog3\/wp-json\/wp\/v2\/posts"}],"about":[{"href":"http:\/\/www.elenacabrera.com\/weblog3\/wp-json\/wp\/v2\/types\/post"}],"author":[{"embeddable":true,"href":"http:\/\/www.elenacabrera.com\/weblog3\/wp-json\/wp\/v2\/users\/1"}],"replies":[{"embeddable":true,"href":"http:\/\/www.elenacabrera.com\/weblog3\/wp-json\/wp\/v2\/comments?post=2002003906"}],"version-history":[{"count":3,"href":"http:\/\/www.elenacabrera.com\/weblog3\/wp-json\/wp\/v2\/posts\/2002003906\/revisions"}],"predecessor-version":[{"id":2002003910,"href":"http:\/\/www.elenacabrera.com\/weblog3\/wp-json\/wp\/v2\/posts\/2002003906\/revisions\/2002003910"}],"wp:featuredmedia":[{"embeddable":true,"href":"http:\/\/www.elenacabrera.com\/weblog3\/wp-json\/wp\/v2\/media\/2002003846"}],"wp:attachment":[{"href":"http:\/\/www.elenacabrera.com\/weblog3\/wp-json\/wp\/v2\/media?parent=2002003906"}],"wp:term":[{"taxonomy":"category","embeddable":true,"href":"http:\/\/www.elenacabrera.com\/weblog3\/wp-json\/wp\/v2\/categories?post=2002003906"},{"taxonomy":"post_tag","embeddable":true,"href":"http:\/\/www.elenacabrera.com\/weblog3\/wp-json\/wp\/v2\/tags?post=2002003906"}],"curies":[{"name":"wp","href":"https:\/\/api.w.org\/{rel}","templated":true}]}}