{"id":2002003919,"date":"2023-03-15T21:48:00","date_gmt":"2023-03-15T19:48:00","guid":{"rendered":"http:\/\/www.elenacabrera.com\/weblog\/?p=2002003919"},"modified":"2023-08-29T21:53:04","modified_gmt":"2023-08-29T19:53:04","slug":"buffy-el-incinerador","status":"publish","type":"post","link":"http:\/\/www.elenacabrera.com\/weblog3\/2023\/03\/15\/buffy-el-incinerador\/","title":{"rendered":"Buffy, el incinerador"},"content":{"rendered":"\n<p>La exposici\u00f3n de Bowie by Buffy est\u00e1 muy bien (algo cara, quiz\u00e1). Aqu\u00ed cuento de qu\u00e9 va y la relaci\u00f3n entre el artista y el fot\u00f3grafo de Aladdin Sane.<\/p>\n\n\n\n<p>De lo mejor del d\u00eda de la inauguraci\u00f3n fue reencontrarme con Borja Bas. \u00a1Besos si alg\u00fan d\u00eda lees esto! Me encant\u00f3 recorrerla contigo.<\/p>\n\n\n\n<p><a href=\"https:\/\/www.eldiario.es\/cultura\/musica\/fotos-bowie-salvadas-llamas_1_10032210.html\" data-type=\"URL\" data-id=\"https:\/\/www.eldiario.es\/cultura\/musica\/fotos-bowie-salvadas-llamas_1_10032210.html\">Las fotos de Bowie salvadas de las llamas<\/a><\/p>\n","protected":false},"excerpt":{"rendered":"<p>La exposici\u00f3n de Bowie by Buffy est\u00e1 muy bien (algo cara, quiz\u00e1). Aqu\u00ed cuento de qu\u00e9 va y la relaci\u00f3n entre el artista y el fot\u00f3grafo de Aladdin Sane. De lo mejor del d\u00eda de la inauguraci\u00f3n fue reencontrarme con Borja Bas. \u00a1Besos si alg\u00fan d\u00eda lees esto! Me encant\u00f3 recorrerla contigo. Las fotos de [&hellip;]<\/p>\n","protected":false},"author":1,"featured_media":0,"comment_status":"closed","ping_status":"closed","sticky":false,"template":"","format":"standard","meta":{"footnotes":""},"categories":[],"tags":[],"class_list":["post-2002003919","post","type-post","status-publish","format-standard","hentry"],"_links":{"self":[{"href":"http:\/\/www.elenacabrera.com\/weblog3\/wp-json\/wp\/v2\/posts\/2002003919","targetHints":{"allow":["GET"]}}],"collection":[{"href":"http:\/\/www.elenacabrera.com\/weblog3\/wp-json\/wp\/v2\/posts"}],"about":[{"href":"http:\/\/www.elenacabrera.com\/weblog3\/wp-json\/wp\/v2\/types\/post"}],"author":[{"embeddable":true,"href":"http:\/\/www.elenacabrera.com\/weblog3\/wp-json\/wp\/v2\/users\/1"}],"replies":[{"embeddable":true,"href":"http:\/\/www.elenacabrera.com\/weblog3\/wp-json\/wp\/v2\/comments?post=2002003919"}],"version-history":[{"count":1,"href":"http:\/\/www.elenacabrera.com\/weblog3\/wp-json\/wp\/v2\/posts\/2002003919\/revisions"}],"predecessor-version":[{"id":2002003920,"href":"http:\/\/www.elenacabrera.com\/weblog3\/wp-json\/wp\/v2\/posts\/2002003919\/revisions\/2002003920"}],"wp:attachment":[{"href":"http:\/\/www.elenacabrera.com\/weblog3\/wp-json\/wp\/v2\/media?parent=2002003919"}],"wp:term":[{"taxonomy":"category","embeddable":true,"href":"http:\/\/www.elenacabrera.com\/weblog3\/wp-json\/wp\/v2\/categories?post=2002003919"},{"taxonomy":"post_tag","embeddable":true,"href":"http:\/\/www.elenacabrera.com\/weblog3\/wp-json\/wp\/v2\/tags?post=2002003919"}],"curies":[{"name":"wp","href":"https:\/\/api.w.org\/{rel}","templated":true}]}}