{"id":2002003923,"date":"2023-03-25T22:06:05","date_gmt":"2023-03-25T20:06:05","guid":{"rendered":"http:\/\/www.elenacabrera.com\/weblog\/?p=2002003923"},"modified":"2023-08-29T22:13:42","modified_gmt":"2023-08-29T20:13:42","slug":"nuevo-disco-de-depeche-mode","status":"publish","type":"post","link":"http:\/\/www.elenacabrera.com\/weblog3\/2023\/03\/25\/nuevo-disco-de-depeche-mode\/","title":{"rendered":"\u00a1\u00a1Nuevo disco de Depeche Mode!!"},"content":{"rendered":"\n<p>Ya est\u00e1 aqu\u00ed Memento Mori, el nuevo disco de Depeche Mode, <strong>el mejor grupo del mundo.<\/strong> Aqu\u00ed me adentro un poco en \u00e9l, canci\u00f3n a canci\u00f3n, lo que me permite tener medio trabajo hecho para <a href=\"https:\/\/go.ivoox.com\/rf\/110025137\" data-type=\"URL\" data-id=\"https:\/\/go.ivoox.com\/rf\/110025137\">el episodio de Pobres Chavales<\/a>.<\/p>\n\n\n\n<p><a href=\"https:\/\/www.eldiario.es\/cultura\/musica\/memento-mori-nuevo-disco-depeche-mode-cancion-cancion_129_10058443.html\">&#8216;Memento mori&#8217;, el nuevo disco de Depeche Mode, canci\u00f3n a canci\u00f3n<\/a><\/p>\n\n\n\n<p><\/p>\n\n\n\n<iframe width=\"100%\" height=\"200\" frameborder=\"0\" allowfullscreen=\"\" scrolling=\"no\" src=\"https:\/\/www.ivoox.com\/player_ej_110025137_2_1.html?data=kpadkpeZdZSrjoqkpZKUeIanopmlh5ildJahhpywj5aRaZi3jpalj4qbh46mk5KSmaiRlNDW08rgjajMpdfVzcrgh5eXd5Wfrsrax9PYs67j086ah5yncdHjw9fS1cjMpdfVzcrgj4qbh46k&#038;\" loading='lazy'><\/iframe>\n\n\n\n<p><\/p>\n","protected":false},"excerpt":{"rendered":"<p>Ya est\u00e1 aqu\u00ed Memento Mori, el nuevo disco de Depeche Mode, el mejor grupo del mundo. Aqu\u00ed me adentro un poco en \u00e9l, canci\u00f3n a canci\u00f3n, lo que me permite tener medio trabajo hecho para el episodio de Pobres Chavales. &#8216;Memento mori&#8217;, el nuevo disco de Depeche Mode, canci\u00f3n a canci\u00f3n<\/p>\n","protected":false},"author":1,"featured_media":0,"comment_status":"closed","ping_status":"closed","sticky":false,"template":"","format":"standard","meta":{"footnotes":""},"categories":[3],"tags":[4],"class_list":["post-2002003923","post","type-post","status-publish","format-standard","hentry","category-twentytwentyfive","tag-musica"],"_links":{"self":[{"href":"http:\/\/www.elenacabrera.com\/weblog3\/wp-json\/wp\/v2\/posts\/2002003923","targetHints":{"allow":["GET"]}}],"collection":[{"href":"http:\/\/www.elenacabrera.com\/weblog3\/wp-json\/wp\/v2\/posts"}],"about":[{"href":"http:\/\/www.elenacabrera.com\/weblog3\/wp-json\/wp\/v2\/types\/post"}],"author":[{"embeddable":true,"href":"http:\/\/www.elenacabrera.com\/weblog3\/wp-json\/wp\/v2\/users\/1"}],"replies":[{"embeddable":true,"href":"http:\/\/www.elenacabrera.com\/weblog3\/wp-json\/wp\/v2\/comments?post=2002003923"}],"version-history":[{"count":2,"href":"http:\/\/www.elenacabrera.com\/weblog3\/wp-json\/wp\/v2\/posts\/2002003923\/revisions"}],"predecessor-version":[{"id":2002003926,"href":"http:\/\/www.elenacabrera.com\/weblog3\/wp-json\/wp\/v2\/posts\/2002003923\/revisions\/2002003926"}],"wp:attachment":[{"href":"http:\/\/www.elenacabrera.com\/weblog3\/wp-json\/wp\/v2\/media?parent=2002003923"}],"wp:term":[{"taxonomy":"category","embeddable":true,"href":"http:\/\/www.elenacabrera.com\/weblog3\/wp-json\/wp\/v2\/categories?post=2002003923"},{"taxonomy":"post_tag","embeddable":true,"href":"http:\/\/www.elenacabrera.com\/weblog3\/wp-json\/wp\/v2\/tags?post=2002003923"}],"curies":[{"name":"wp","href":"https:\/\/api.w.org\/{rel}","templated":true}]}}