{"id":2002003927,"date":"2023-05-15T22:16:24","date_gmt":"2023-05-15T20:16:24","guid":{"rendered":"http:\/\/www.elenacabrera.com\/weblog\/?p=2002003927"},"modified":"2023-08-29T22:17:28","modified_gmt":"2023-08-29T20:17:28","slug":"el-tragaluz-democratico","status":"publish","type":"post","link":"http:\/\/www.elenacabrera.com\/weblog3\/2023\/05\/15\/el-tragaluz-democratico\/","title":{"rendered":"El tragaluz democr\u00e1tico"},"content":{"rendered":"\n<p>Recomiendo mucho esta exposici\u00f3n apasionante sobre las violencia del Estado y sus respuesta. Est\u00e1 en La Arquer\u00eda. Si no pod\u00e9is verla, aqu\u00ed os hablo de ella: <a href=\"https:\/\/www.eldiario.es\/cultura\/arte\/violencias-politicas-dialogan-resistencias-civiles-tragaluz-democratico_1_10203345.html\">Las violencias pol\u00edticas dialogan con las resistencias civiles en \u2018El tragaluz democr\u00e1tico<\/a>\u2019<\/p>\n","protected":false},"excerpt":{"rendered":"<p>Recomiendo mucho esta exposici\u00f3n apasionante sobre las violencia del Estado y sus respuesta. Est\u00e1 en La Arquer\u00eda. Si no pod\u00e9is verla, aqu\u00ed os hablo de ella: Las violencias pol\u00edticas dialogan con las resistencias civiles en \u2018El tragaluz democr\u00e1tico\u2019<\/p>\n","protected":false},"author":1,"featured_media":0,"comment_status":"closed","ping_status":"closed","sticky":false,"template":"","format":"standard","meta":{"footnotes":""},"categories":[],"tags":[],"class_list":["post-2002003927","post","type-post","status-publish","format-standard","hentry"],"_links":{"self":[{"href":"http:\/\/www.elenacabrera.com\/weblog3\/wp-json\/wp\/v2\/posts\/2002003927","targetHints":{"allow":["GET"]}}],"collection":[{"href":"http:\/\/www.elenacabrera.com\/weblog3\/wp-json\/wp\/v2\/posts"}],"about":[{"href":"http:\/\/www.elenacabrera.com\/weblog3\/wp-json\/wp\/v2\/types\/post"}],"author":[{"embeddable":true,"href":"http:\/\/www.elenacabrera.com\/weblog3\/wp-json\/wp\/v2\/users\/1"}],"replies":[{"embeddable":true,"href":"http:\/\/www.elenacabrera.com\/weblog3\/wp-json\/wp\/v2\/comments?post=2002003927"}],"version-history":[{"count":2,"href":"http:\/\/www.elenacabrera.com\/weblog3\/wp-json\/wp\/v2\/posts\/2002003927\/revisions"}],"predecessor-version":[{"id":2002003929,"href":"http:\/\/www.elenacabrera.com\/weblog3\/wp-json\/wp\/v2\/posts\/2002003927\/revisions\/2002003929"}],"wp:attachment":[{"href":"http:\/\/www.elenacabrera.com\/weblog3\/wp-json\/wp\/v2\/media?parent=2002003927"}],"wp:term":[{"taxonomy":"category","embeddable":true,"href":"http:\/\/www.elenacabrera.com\/weblog3\/wp-json\/wp\/v2\/categories?post=2002003927"},{"taxonomy":"post_tag","embeddable":true,"href":"http:\/\/www.elenacabrera.com\/weblog3\/wp-json\/wp\/v2\/tags?post=2002003927"}],"curies":[{"name":"wp","href":"https:\/\/api.w.org\/{rel}","templated":true}]}}