{"id":2002003940,"date":"2023-08-28T22:46:00","date_gmt":"2023-08-28T20:46:00","guid":{"rendered":"http:\/\/www.elenacabrera.com\/weblog\/?p=2002003940"},"modified":"2023-08-30T09:37:46","modified_gmt":"2023-08-30T07:37:46","slug":"ha-muerto-javi-homeboy","status":"publish","type":"post","link":"http:\/\/www.elenacabrera.com\/weblog3\/2023\/08\/28\/ha-muerto-javi-homeboy\/","title":{"rendered":"Ha muerto Javi Homeboy"},"content":{"rendered":"\n<p>Era importante para m\u00ed que no quedara sin obituario. Son reparadores, acompa\u00f1an en la muerte.<\/p>\n\n\n\n<p><a href=\"https:\/\/www.eldiario.es\/madrid\/muere-javi-homeboy-dj-madrileno-fundio-indie-electronica_1_10469698.html\">Muere Javi Homeboy, el dj madrile\u00f1o que fundi\u00f3 el indie con la electr\u00f3nica<\/a><\/p>\n\n\n\n<p>(En la foto, Homeboy, Rafa Mary Chain y Aldo).<\/p>\n","protected":false},"excerpt":{"rendered":"<p>Era importante para m\u00ed que no quedara sin obituario. Son reparadores, acompa\u00f1an en la muerte. Muere Javi Homeboy, el dj madrile\u00f1o que fundi\u00f3 el indie con la electr\u00f3nica (En la foto, Homeboy, Rafa Mary Chain y Aldo).<\/p>\n","protected":false},"author":1,"featured_media":2002003941,"comment_status":"closed","ping_status":"closed","sticky":false,"template":"","format":"standard","meta":{"footnotes":""},"categories":[],"tags":[],"class_list":["post-2002003940","post","type-post","status-publish","format-standard","has-post-thumbnail","hentry"],"_links":{"self":[{"href":"http:\/\/www.elenacabrera.com\/weblog3\/wp-json\/wp\/v2\/posts\/2002003940","targetHints":{"allow":["GET"]}}],"collection":[{"href":"http:\/\/www.elenacabrera.com\/weblog3\/wp-json\/wp\/v2\/posts"}],"about":[{"href":"http:\/\/www.elenacabrera.com\/weblog3\/wp-json\/wp\/v2\/types\/post"}],"author":[{"embeddable":true,"href":"http:\/\/www.elenacabrera.com\/weblog3\/wp-json\/wp\/v2\/users\/1"}],"replies":[{"embeddable":true,"href":"http:\/\/www.elenacabrera.com\/weblog3\/wp-json\/wp\/v2\/comments?post=2002003940"}],"version-history":[{"count":2,"href":"http:\/\/www.elenacabrera.com\/weblog3\/wp-json\/wp\/v2\/posts\/2002003940\/revisions"}],"predecessor-version":[{"id":2002003943,"href":"http:\/\/www.elenacabrera.com\/weblog3\/wp-json\/wp\/v2\/posts\/2002003940\/revisions\/2002003943"}],"wp:featuredmedia":[{"embeddable":true,"href":"http:\/\/www.elenacabrera.com\/weblog3\/wp-json\/wp\/v2\/media\/2002003941"}],"wp:attachment":[{"href":"http:\/\/www.elenacabrera.com\/weblog3\/wp-json\/wp\/v2\/media?parent=2002003940"}],"wp:term":[{"taxonomy":"category","embeddable":true,"href":"http:\/\/www.elenacabrera.com\/weblog3\/wp-json\/wp\/v2\/categories?post=2002003940"},{"taxonomy":"post_tag","embeddable":true,"href":"http:\/\/www.elenacabrera.com\/weblog3\/wp-json\/wp\/v2\/tags?post=2002003940"}],"curies":[{"name":"wp","href":"https:\/\/api.w.org\/{rel}","templated":true}]}}