{"id":2002003951,"date":"2023-08-22T10:45:05","date_gmt":"2023-08-22T08:45:05","guid":{"rendered":"http:\/\/www.elenacabrera.com\/weblog\/?p=2002003951"},"modified":"2023-08-30T10:46:16","modified_gmt":"2023-08-30T08:46:16","slug":"una-opinion-incomoda","status":"publish","type":"post","link":"http:\/\/www.elenacabrera.com\/weblog3\/2023\/08\/22\/una-opinion-incomoda\/","title":{"rendered":"Una opini\u00f3n inc\u00f3moda"},"content":{"rendered":"\n<p>Pues&#8230; no me parece buena idea cancelar los conciertos ya contratados a Jos\u00e9 Manuel Soto. <a href=\"https:\/\/www.eldiario.es\/opinion\/zona-critica\/no-buena-idea-cancelar-conciertos-jose-manuel-soto_129_10456850.html\">Aqu\u00ed explico por qu\u00e9.<\/a><\/p>\n","protected":false},"excerpt":{"rendered":"<p>Pues&#8230; no me parece buena idea cancelar los conciertos ya contratados a Jos\u00e9 Manuel Soto. Aqu\u00ed explico por qu\u00e9.<\/p>\n","protected":false},"author":1,"featured_media":0,"comment_status":"closed","ping_status":"closed","sticky":false,"template":"","format":"standard","meta":{"footnotes":""},"categories":[],"tags":[],"class_list":["post-2002003951","post","type-post","status-publish","format-standard","hentry"],"_links":{"self":[{"href":"http:\/\/www.elenacabrera.com\/weblog3\/wp-json\/wp\/v2\/posts\/2002003951","targetHints":{"allow":["GET"]}}],"collection":[{"href":"http:\/\/www.elenacabrera.com\/weblog3\/wp-json\/wp\/v2\/posts"}],"about":[{"href":"http:\/\/www.elenacabrera.com\/weblog3\/wp-json\/wp\/v2\/types\/post"}],"author":[{"embeddable":true,"href":"http:\/\/www.elenacabrera.com\/weblog3\/wp-json\/wp\/v2\/users\/1"}],"replies":[{"embeddable":true,"href":"http:\/\/www.elenacabrera.com\/weblog3\/wp-json\/wp\/v2\/comments?post=2002003951"}],"version-history":[{"count":1,"href":"http:\/\/www.elenacabrera.com\/weblog3\/wp-json\/wp\/v2\/posts\/2002003951\/revisions"}],"predecessor-version":[{"id":2002003952,"href":"http:\/\/www.elenacabrera.com\/weblog3\/wp-json\/wp\/v2\/posts\/2002003951\/revisions\/2002003952"}],"wp:attachment":[{"href":"http:\/\/www.elenacabrera.com\/weblog3\/wp-json\/wp\/v2\/media?parent=2002003951"}],"wp:term":[{"taxonomy":"category","embeddable":true,"href":"http:\/\/www.elenacabrera.com\/weblog3\/wp-json\/wp\/v2\/categories?post=2002003951"},{"taxonomy":"post_tag","embeddable":true,"href":"http:\/\/www.elenacabrera.com\/weblog3\/wp-json\/wp\/v2\/tags?post=2002003951"}],"curies":[{"name":"wp","href":"https:\/\/api.w.org\/{rel}","templated":true}]}}