{"id":2002003954,"date":"2023-09-02T17:50:23","date_gmt":"2023-09-02T15:50:23","guid":{"rendered":"http:\/\/www.elenacabrera.com\/weblog\/?p=2002003954"},"modified":"2023-09-03T23:02:55","modified_gmt":"2023-09-03T21:02:55","slug":"elegir-a-dedo","status":"publish","type":"post","link":"http:\/\/www.elenacabrera.com\/weblog3\/2023\/09\/02\/elegir-a-dedo\/","title":{"rendered":"Elegir a dedo"},"content":{"rendered":"\n<p>El Ayuntamiento de Madrid, en un segundo <em>round <\/em>consecutivo en manos de Almeida, vuelve a las viejas costumbres de elegir a dedo la direcci\u00f3n art\u00edstica de un centro de arte y creaci\u00f3n cultural. El primero de la temporada ha sido Matadero, cuya anterior directora Rosa Ferr\u00e9, lleg\u00f3 all\u00ed gracias a un concurso p\u00fablico.<\/p>\n\n\n\n<p>Ni siquiera nos lo contaron: nos enteramos porque el contrato estaba en el portal de contrataci\u00f3n del Estado. Y as\u00ed vimos que el periodista Jos\u00e9 Luis Ramos Romo (estuvo 10 a\u00f1os en El Mundo, luego fue asesor para el \u00c1rea de Cultura del Ayuntamiento y durante un a\u00f1o director general de Programa y Actividades Culturales) <a href=\"https:\/\/www.eldiario.es\/madrid\/ayuntamiento-madrid-elige-dedo-nueva-direccion-matadero_1_10466699.html\">es el nuevo director creativo del centro<\/a>. Seg\u00fan el pliego del contrato, Jos\u00e9 Luis Ramos Romo es \u00abla \u00fanica persona que tiene las facultades y derechos necesarios para la realizaci\u00f3n de la misma\u201d.<\/p>\n\n\n\n<p>Yo apenas le conozco, tengo que admitir. Pero a\u00fan as\u00ed me cuesta creer que sea \u00abla \u00fanica persona\u00bb capaz de dirigir Matadero Madrid.<\/p>\n\n\n\n<p>Cuando era asesor, sab\u00eda qui\u00e9n era porque ven\u00eda del periodismo. Este a\u00f1o, en primavera, coincidimos ambos siendo jurado en el concurso Villa de Madrid. Espero conocerle mejor, a partir de ahora. No obstante, <a href=\"https:\/\/www.eldiario.es\/opinion\/zona-critica\/brindis-malas-practicas_129_10470988.html\">en esta columna de opini\u00f3n<\/a> hago mis objeciones a esta tipo de m\u00e9todo para elegir una direcci\u00f3n art\u00edstica. Como dec\u00eda C\u00e9sar Antonio Molina, puede que con el dedo elijas bien, pero es poco democr\u00e1tico.<\/p>\n\n\n\n<p>Por cierto, que ven\u00edamos de esto en Matadero (un centro sin direcci\u00f3n art\u00edstica desde enero): <a href=\"https:\/\/www.eldiario.es\/cultura\/incomodo-documental-trabajo-cultural-instituciones-prefieren-no-programar_1_10446187.html\"><em>Madrid Destino Cultura Turismo y Negocio SA<\/em>, el inc\u00f3modo documental sobre el trabajo cultural que la Cineteca de Matadero prefiere no programar.<\/a><\/p>\n\n\n\n<p><\/p>\n","protected":false},"excerpt":{"rendered":"<p>El Ayuntamiento de Madrid, en un segundo round consecutivo en manos de Almeida, vuelve a las viejas costumbres de elegir a dedo la direcci\u00f3n art\u00edstica de un centro de arte y creaci\u00f3n cultural. El primero de la temporada ha sido Matadero, cuya anterior directora Rosa Ferr\u00e9, lleg\u00f3 all\u00ed gracias a un concurso p\u00fablico. Ni siquiera [&hellip;]<\/p>\n","protected":false},"author":1,"featured_media":2002003955,"comment_status":"closed","ping_status":"closed","sticky":false,"template":"","format":"standard","meta":{"footnotes":""},"categories":[],"tags":[],"class_list":["post-2002003954","post","type-post","status-publish","format-standard","has-post-thumbnail","hentry"],"_links":{"self":[{"href":"http:\/\/www.elenacabrera.com\/weblog3\/wp-json\/wp\/v2\/posts\/2002003954","targetHints":{"allow":["GET"]}}],"collection":[{"href":"http:\/\/www.elenacabrera.com\/weblog3\/wp-json\/wp\/v2\/posts"}],"about":[{"href":"http:\/\/www.elenacabrera.com\/weblog3\/wp-json\/wp\/v2\/types\/post"}],"author":[{"embeddable":true,"href":"http:\/\/www.elenacabrera.com\/weblog3\/wp-json\/wp\/v2\/users\/1"}],"replies":[{"embeddable":true,"href":"http:\/\/www.elenacabrera.com\/weblog3\/wp-json\/wp\/v2\/comments?post=2002003954"}],"version-history":[{"count":2,"href":"http:\/\/www.elenacabrera.com\/weblog3\/wp-json\/wp\/v2\/posts\/2002003954\/revisions"}],"predecessor-version":[{"id":2002003966,"href":"http:\/\/www.elenacabrera.com\/weblog3\/wp-json\/wp\/v2\/posts\/2002003954\/revisions\/2002003966"}],"wp:featuredmedia":[{"embeddable":true,"href":"http:\/\/www.elenacabrera.com\/weblog3\/wp-json\/wp\/v2\/media\/2002003955"}],"wp:attachment":[{"href":"http:\/\/www.elenacabrera.com\/weblog3\/wp-json\/wp\/v2\/media?parent=2002003954"}],"wp:term":[{"taxonomy":"category","embeddable":true,"href":"http:\/\/www.elenacabrera.com\/weblog3\/wp-json\/wp\/v2\/categories?post=2002003954"},{"taxonomy":"post_tag","embeddable":true,"href":"http:\/\/www.elenacabrera.com\/weblog3\/wp-json\/wp\/v2\/tags?post=2002003954"}],"curies":[{"name":"wp","href":"https:\/\/api.w.org\/{rel}","templated":true}]}}