{"id":2002003971,"date":"2023-09-03T23:39:43","date_gmt":"2023-09-03T21:39:43","guid":{"rendered":"http:\/\/www.elenacabrera.com\/weblog\/?p=2002003971"},"modified":"2023-09-03T23:59:29","modified_gmt":"2023-09-03T21:59:29","slug":"con-las-bicilocas-azules","status":"publish","type":"post","link":"http:\/\/www.elenacabrera.com\/weblog3\/2023\/09\/03\/con-las-bicilocas-azules\/","title":{"rendered":"Con las bicilocas azules"},"content":{"rendered":"\n<p>Agosto en Madrid es el mejor momento del a\u00f1o para moverse en Bicimad. Al haber menos tr\u00e1fico, hay menos peligro de que te atropellen. Como somos menos, hay m\u00e1s bicis. Ha empezado septiembre y el lunes 28 de agosto (que ya era septiembre), Madrid se hab\u00eda echado a perder, como se echa a perder todos los primeros de septiembre.<\/p>\n\n\n\n<p>Esta semana ya no hab\u00eda bicis y, las que hab\u00eda, no funcionaban. Ahora son azules pero prefiero las blancas, las que yo llamaba <a href=\"http:\/\/www.elenacabrera.com\/weblog\/mi-primera-experiencia-en-biciloca\/\">bicilocas<\/a>. Iban mucho m\u00e1s r\u00e1pido y frenaban mejor. Estas nuevas tienen un veloc\u00edmetro digital que te confirma que a duras penas paso de los 22 km\/h, y eso que la velocidad m\u00e1xima de los ciclocarriles es 30 km\/h. Ojal\u00e1 pudiera ir tan r\u00e1pido.<\/p>\n\n\n\n<figure class=\"wp-block-image size-large is-style-default\"><img loading=\"lazy\" decoding=\"async\" width=\"1024\" height=\"768\" src=\"http:\/\/www.elenacabrera.com\/weblog\/wp-content\/uploads\/20230329_110254-1024x768.jpg\" alt=\"\" class=\"wp-image-2002003977\" srcset=\"http:\/\/www.elenacabrera.com\/weblog3\/wp-content\/uploads\/20230329_110254-1024x768.jpg 1024w, http:\/\/www.elenacabrera.com\/weblog3\/wp-content\/uploads\/20230329_110254-300x225.jpg 300w, http:\/\/www.elenacabrera.com\/weblog3\/wp-content\/uploads\/20230329_110254-768x576.jpg 768w, http:\/\/www.elenacabrera.com\/weblog3\/wp-content\/uploads\/20230329_110254-1536x1152.jpg 1536w, http:\/\/www.elenacabrera.com\/weblog3\/wp-content\/uploads\/20230329_110254-2048x1536.jpg 2048w, http:\/\/www.elenacabrera.com\/weblog3\/wp-content\/uploads\/20230329_110254-640x480.jpg 640w\" sizes=\"auto, (max-width: 1024px) 100vw, 1024px\" \/><figcaption><em><span class=\"has-inline-color has-cyan-bluish-gray-color\">Una bici de las blancas abandonada por Madrid, en marzo, cuando se hac\u00eda el cambio de un sistema a otro<\/span><\/em><\/figcaption><\/figure>\n\n\n\n<p>El portaequipaje delantero tambi\u00e9n parece m\u00e1s seguro que el de las blancas, aunque nunca lo he usado. Lo que s\u00ed que es fabuloso es que, hasta diciembre, es gratis. Me pregunto si no podr\u00eda ser gratis todo el a\u00f1o, si realmente nos costar\u00eda tanto.<\/p>\n\n\n\n<p>Hay cosas entre 2016 y hoy que no cambian: el carril bici sobre la acera de la calle Serrano y en sentido contrario al tr\u00e1fico rodado, que me viene ideal para volver a casa desde la redacci\u00f3n del peri\u00f3dico (y desde cualquier sitio c\u00e9ntrico), sigue siendo el lugar escogido para muchos caminantes indolentes y clientes de boutiques para pararse mirando el m\u00f3vil, charlando con alguien, buscando un taxi o esperan a que el sem\u00e1foro cambie a verde. <\/p>\n\n\n\n<p>En cuanto enfilo el carril hacia el norte, pongo el pulgar de la mano izquierda sobre el piticl\u00edn y no hay d\u00eda que no tenga que pegarle varios timbrazos a dos o tres merluzos. Lo normal es que se ofendan. No les gusta ceder, mucho menos retroceder. Suelen hacer como que no me oyen, pese a que estoy parada a tres cent\u00edmetros haciendo ese ruido met\u00e1lico cinco o seis veces y gritando \u00ab\u00a1\u00a1perdonen!!\u00bb. Pero no me oyen. Hasta que uno me mira como quien mira la lavadora girar con ropa dentro: ah\u00ed pasan cosas pero no son del todo de tu incumbencia, no todav\u00eda.<\/p>\n\n\n\n<p>La semana pasada una chica, que hablaba con dos mujeres frente a las que tuve que parar de sopet\u00f3n, lo cual es mucho pedirle a las bicis azules, me pidi\u00f3 tantas veces perd\u00f3n que me pareci\u00f3 que lo hac\u00eda por ella y por todos sus compa\u00f1eros de los siete \u00faltimos a\u00f1os.<\/p>\n\n\n\n<p>Hace unas semanas hablaba con otro motorista que los que vamos en moto y en bici por Madrid desarrollamos una especie de radar psicol\u00f3gico ultrasensorial con el objetivo de adivinar lo que piensan los conductores de coches y los peatones. Eres como el Jason Bourne de la calle Juan Bravo (estoy segura de que esta comparaci\u00f3n ya la he escrito antes, es muy buena y me suena familiar), antes de llegar al paso de cebra ya te has dado cuenta del taxista que va a aparar s\u00fabitamente dentro de diez metros porque has visto, antes que \u00e9l, una mano levantada que le quiere detener, del chaval que se r\u00ede solo y que seguramente va a cruzar desde el bulevar sin levantar la vista del m\u00f3vil, de la conductora con gesto triste e intenciones de girar a la izquierda pero mirando a la derecha, de un perro sin correa que camina por la acera y de los tres patinetes, dos Glovos y cuatro motos que te rodean.<\/p>\n\n\n\n<p>Este agosto se me ha escurrido demasiado r\u00e1pido del regazo. Me da pena. Eleonor va a comenzar el instituto en cuatro d\u00edas. Su primer d\u00eda de instituto, quiero decir. Todo va r\u00e1pido, r\u00e1pido, r\u00e1pido, salvo las nuevas bicilocas azules.<\/p>\n","protected":false},"excerpt":{"rendered":"<p>Agosto en Madrid es el mejor momento del a\u00f1o para moverse en Bicimad. Al haber menos tr\u00e1fico, hay menos peligro de que te atropellen. Como somos menos, hay m\u00e1s bicis. Ha empezado septiembre y el lunes 28 de agosto (que ya era septiembre), Madrid se hab\u00eda echado a perder, como se echa a perder todos [&hellip;]<\/p>\n","protected":false},"author":1,"featured_media":0,"comment_status":"closed","ping_status":"closed","sticky":false,"template":"","format":"standard","meta":{"footnotes":""},"categories":[],"tags":[],"class_list":["post-2002003971","post","type-post","status-publish","format-standard","hentry"],"_links":{"self":[{"href":"http:\/\/www.elenacabrera.com\/weblog3\/wp-json\/wp\/v2\/posts\/2002003971","targetHints":{"allow":["GET"]}}],"collection":[{"href":"http:\/\/www.elenacabrera.com\/weblog3\/wp-json\/wp\/v2\/posts"}],"about":[{"href":"http:\/\/www.elenacabrera.com\/weblog3\/wp-json\/wp\/v2\/types\/post"}],"author":[{"embeddable":true,"href":"http:\/\/www.elenacabrera.com\/weblog3\/wp-json\/wp\/v2\/users\/1"}],"replies":[{"embeddable":true,"href":"http:\/\/www.elenacabrera.com\/weblog3\/wp-json\/wp\/v2\/comments?post=2002003971"}],"version-history":[{"count":4,"href":"http:\/\/www.elenacabrera.com\/weblog3\/wp-json\/wp\/v2\/posts\/2002003971\/revisions"}],"predecessor-version":[{"id":2002003980,"href":"http:\/\/www.elenacabrera.com\/weblog3\/wp-json\/wp\/v2\/posts\/2002003971\/revisions\/2002003980"}],"wp:attachment":[{"href":"http:\/\/www.elenacabrera.com\/weblog3\/wp-json\/wp\/v2\/media?parent=2002003971"}],"wp:term":[{"taxonomy":"category","embeddable":true,"href":"http:\/\/www.elenacabrera.com\/weblog3\/wp-json\/wp\/v2\/categories?post=2002003971"},{"taxonomy":"post_tag","embeddable":true,"href":"http:\/\/www.elenacabrera.com\/weblog3\/wp-json\/wp\/v2\/tags?post=2002003971"}],"curies":[{"name":"wp","href":"https:\/\/api.w.org\/{rel}","templated":true}]}}