{"id":2002004001,"date":"2025-01-17T21:41:12","date_gmt":"2025-01-17T19:41:12","guid":{"rendered":"http:\/\/www.elenacabrera.com\/weblog\/?p=2002004001"},"modified":"2025-01-17T22:14:37","modified_gmt":"2025-01-17T20:14:37","slug":"entre-el-horror-y-la-fascinacion","status":"publish","type":"post","link":"http:\/\/www.elenacabrera.com\/weblog3\/2025\/01\/17\/entre-el-horror-y-la-fascinacion\/","title":{"rendered":"Entre el horror y la fascinaci\u00f3n"},"content":{"rendered":"\n<p>Ese lugar estrecho entre el horror y la fascinaci\u00f3n lo descubr\u00ed la primera vez que vi <em>Terciopelo azul.<\/em> Y ya no he vuelto a salir de ah\u00ed.<\/p>\n\n\n\n<p>Yo no sab\u00eda qui\u00e9n era David Lynch el 14 de noviembre de 1990 pero mi hermana (que era mayor que yo y estudiaba cine) advirti\u00f3 de que, al d\u00eda siguiente, pondr\u00edan en televisi\u00f3n algo que no deb\u00eda perderse, que ese d\u00eda se pon\u00eda Telecinco en casa. Luego me dijo: es una serie que ha revolucionado la televisi\u00f3n, quiz\u00e1 deber\u00edas verla. Yo ten\u00eda 15 a\u00f1os.<\/p>\n\n\n\n<p>Yo ten\u00eda 15 a\u00f1os y 35 a\u00f1os despu\u00e9s recuerdo en qu\u00e9 lugar del sof\u00e1 estaba sentada, c\u00f3mo era la luz que entraba por la ventaba del sal\u00f3n y qu\u00e9 sent\u00ed en mi cuerpo durante los t\u00edtulos de cr\u00e9dito de <em>Twin Peaks.<\/em><\/p>\n\n\n\n<p>Despu\u00e9s de ese d\u00eda, intent\u00e9 no perderme ning\u00fan cap\u00edtulo, a pesar de que sufr\u00eda una gran inquietud y, con frecuencia, miedo. Miedo real. Prefer\u00eda no verlo a solas.<\/p>\n\n\n\n<p>Aquella impactante experiencia como espectadora me alej\u00f3 del lugar seguro en el que hab\u00eda sido, hasta ese momento y salvo excepciones furtivas, la pantalla del televisor.<\/p>\n\n\n\n<p>No s\u00e9 cu\u00e1nto tiempo pas\u00f3 entre ese d\u00eda y el descubrimiento de <em>Terciopelo azul.<\/em> Supongo que uno o dos a\u00f1os. El d\u00eda que di play al VHS de <em>Terciopelo azul,<\/em> dej\u00e9 de ser una ni\u00f1a.<\/p>\n\n\n\n<p>Durante sus tres primeros minutos fui abducida a un lugar estrecho entre el horror y la fascinaci\u00f3n del que no he vuelto a salir. Desde entonces, existe ese lugar estrecho, y luego est\u00e1 todo lo dem\u00e1s, que apenas me interesa.<\/p>\n\n\n\n<p>El horror y la fascinaci\u00f3n. Me pregunto si son dos fuerzas que chocan o dos ingredientes que se mezclan. Si ellos ponen el horror y yo la fascinaci\u00f3n. O si son dos emociones que coexisten y ninguna se impone a la otra.<\/p>\n\n\n\n<p>Esos tres minutos en los que vemos la vida apacible y feliz (pero bajo una mirada tensa), interrumpida por la molestia que pasa indiferente del hombre -el padre de Jeffrey (Kyle MacLachlan)- que sufre un ataque y cae al suelo mientras la manguera sigue regando y el perro lo toma como un juego con el chorro de agua. El encuentro sin palabras de Jeffrey con un padre que es casi un cad\u00e1ver viviente. El regreso a casa y el hallazgo entre la hierba de una oreja cubierta hormigas.<\/p>\n\n\n\n<p>Como mi adultez reci\u00e9n estrenada, me pregunt\u00e9 qu\u00e9 tipo de mujer ser\u00eda yo: si una Laura Dern o una Isabella Rossellini. Yo no quer\u00eda ser como la limpia Laura Dern, con su ropa de color pastel, sus remilgos y sus irresponsables ganas de vivir aventuras. Yo sent\u00eda que quisiera o no, yo era la cantante turbia que interpreta Isabella Rossellini, con sus labios rojos, sus ojos oscuros y su miedo; violada, testigo y objeto de la maldad de los hombres.<\/p>\n\n\n\n<p>De todas formas, hab\u00eda algo fascinante en Laura Dern que me atra\u00eda. Bajo su ausencia de voluptuosidad hay una rendija morbosa, una disposici\u00f3n a la corrupci\u00f3n.<\/p>\n\n\n\n<p><a href=\"https:\/\/www.eldiario.es\/cultura\/cine\/muere-director-cine-david-lynch-autor-obras-maestras-terciopelo-azul-twin-peaks-78-anos_1_11970727.html\" data-type=\"link\" data-id=\"https:\/\/www.eldiario.es\/cultura\/cine\/muere-director-cine-david-lynch-autor-obras-maestras-terciopelo-azul-twin-peaks-78-anos_1_11970727.html\">Ayer muri\u00f3 David Lynch.<\/a><\/p>\n\n\n\n<p>\u00abEl mundo es muy extra\u00f1o\u00bb.<\/p>\n","protected":false},"excerpt":{"rendered":"<p>Ese lugar estrecho entre el horror y la fascinaci\u00f3n lo descubr\u00ed la primera vez que vi Terciopelo azul. Y ya no he vuelto a salir de ah\u00ed. Yo no sab\u00eda qui\u00e9n era David Lynch el 14 de noviembre de 1990 pero mi hermana (que era mayor que yo y estudiaba cine) advirti\u00f3 de que, al [&hellip;]<\/p>\n","protected":false},"author":1,"featured_media":2002004002,"comment_status":"closed","ping_status":"closed","sticky":false,"template":"","format":"standard","meta":{"footnotes":""},"categories":[],"tags":[],"class_list":["post-2002004001","post","type-post","status-publish","format-standard","has-post-thumbnail","hentry"],"_links":{"self":[{"href":"http:\/\/www.elenacabrera.com\/weblog3\/wp-json\/wp\/v2\/posts\/2002004001","targetHints":{"allow":["GET"]}}],"collection":[{"href":"http:\/\/www.elenacabrera.com\/weblog3\/wp-json\/wp\/v2\/posts"}],"about":[{"href":"http:\/\/www.elenacabrera.com\/weblog3\/wp-json\/wp\/v2\/types\/post"}],"author":[{"embeddable":true,"href":"http:\/\/www.elenacabrera.com\/weblog3\/wp-json\/wp\/v2\/users\/1"}],"replies":[{"embeddable":true,"href":"http:\/\/www.elenacabrera.com\/weblog3\/wp-json\/wp\/v2\/comments?post=2002004001"}],"version-history":[{"count":3,"href":"http:\/\/www.elenacabrera.com\/weblog3\/wp-json\/wp\/v2\/posts\/2002004001\/revisions"}],"predecessor-version":[{"id":2002004006,"href":"http:\/\/www.elenacabrera.com\/weblog3\/wp-json\/wp\/v2\/posts\/2002004001\/revisions\/2002004006"}],"wp:featuredmedia":[{"embeddable":true,"href":"http:\/\/www.elenacabrera.com\/weblog3\/wp-json\/wp\/v2\/media\/2002004002"}],"wp:attachment":[{"href":"http:\/\/www.elenacabrera.com\/weblog3\/wp-json\/wp\/v2\/media?parent=2002004001"}],"wp:term":[{"taxonomy":"category","embeddable":true,"href":"http:\/\/www.elenacabrera.com\/weblog3\/wp-json\/wp\/v2\/categories?post=2002004001"},{"taxonomy":"post_tag","embeddable":true,"href":"http:\/\/www.elenacabrera.com\/weblog3\/wp-json\/wp\/v2\/tags?post=2002004001"}],"curies":[{"name":"wp","href":"https:\/\/api.w.org\/{rel}","templated":true}]}}