{"id":2002004049,"date":"2025-04-13T19:52:09","date_gmt":"2025-04-13T17:52:09","guid":{"rendered":"https:\/\/www.elenacabrera.com\/weblog3\/?p=2002004049"},"modified":"2025-04-20T21:47:29","modified_gmt":"2025-04-20T19:47:29","slug":"la-silla-vacia-de-the-horrors","status":"publish","type":"post","link":"http:\/\/www.elenacabrera.com\/weblog3\/2025\/04\/13\/la-silla-vacia-de-the-horrors\/","title":{"rendered":"La silla vac\u00eda de The Horrors"},"content":{"rendered":"\n<p>Algunos asistentes al concierto de The Horrors el 6 de abril en Madrid \u2014tras su paso tambi\u00e9n por Santiago de Compostela y Barcelona\u2014 se sorprend\u00edan al descubrir en una r\u00e1pida consulta a sus tel\u00e9fonos m\u00f3viles que el grupo brit\u00e1nico tiene una carrera de 20 a\u00f1os.<\/p>\n\n\n\n<p>Muchos no los descubrieron hasta su segundo trabajo,&nbsp;<em>Primary Colors<\/em>&nbsp;(2009), un disco sobresaliente producido por el art\u00edfice del sonido de Portishead, Geoff Barrow, que les ayud\u00f3 a dejar atr\u00e1s el lacerante garaje rock de su primer disco para incorporar teclados y colchones electr\u00f3nicos con los que construir unos temas de gran belleza y eficiencia pop.<\/p>\n\n\n\n<p>Los que miraban de reojo la Wikipedia, ver\u00edan el notorio listado de g\u00e9neros musicales que aparece en la caja de informaci\u00f3n art\u00edstica. Hasta nueve g\u00e9neros, algunos tan dispares como el horror-punk (sea lo que sea eso) del shoegaze (ese pop dopad\u00edsimo de efectos que obligaba a los guitarristas a mirarse los zapatos para pisar los m\u00faltiples pedales).<\/p>\n\n\n\n<p>En cualquier caso, ese \u201chorror-punk\u201d (o garaje punk oscuro) que forj\u00f3 su espectacular debut<em>&nbsp;Strange House<\/em>&nbsp;(2007), est\u00e1 olvidad\u00edsimo, tanto en los fans como en los set list, del que no tocan ni una sola canci\u00f3n, pese a que ten\u00eda aut\u00e9nticas bombas de nitroglicerina como&nbsp;<em>Gloves, Count In Fives&nbsp;<\/em>o&nbsp;<em>Sheena Is A Parasite,&nbsp;<\/em>adem\u00e1s de una inolvidable&nbsp;<a href=\"https:\/\/www.youtube.com\/watch?v=c2ZsWENob1s\" target=\"_blank\" rel=\"noreferrer noopener\">versi\u00f3n&nbsp;<\/a>de&nbsp;<em>Jack The Ripper.<\/em><\/p>\n\n\n\n<figure class=\"wp-block-embed is-type-video is-provider-youtube wp-block-embed-youtube wp-embed-aspect-4-3 wp-has-aspect-ratio\"><div class=\"wp-block-embed__wrapper\">\n<iframe loading=\"lazy\" title=\"The Horrors - Live in Madrid (sala moby dick)\" width=\"500\" height=\"375\" src=\"https:\/\/www.youtube.com\/embed\/U_RODmazt5I?feature=oembed\" frameborder=\"0\" allow=\"accelerometer; autoplay; clipboard-write; encrypted-media; gyroscope; picture-in-picture; web-share\" referrerpolicy=\"strict-origin-when-cross-origin\" allowfullscreen><\/iframe>\n<\/div><\/figure>\n\n\n\n<figure class=\"wp-block-embed is-type-video is-provider-youtube wp-block-embed-youtube wp-embed-aspect-4-3 wp-has-aspect-ratio\"><div class=\"wp-block-embed__wrapper\">\n<iframe loading=\"lazy\" title=\"The Horrors - Live in Madrid (sala moby dick) 2\" width=\"500\" height=\"375\" src=\"https:\/\/www.youtube.com\/embed\/Q7Q92uCJjFM?feature=oembed\" frameborder=\"0\" allow=\"accelerometer; autoplay; clipboard-write; encrypted-media; gyroscope; picture-in-picture; web-share\" referrerpolicy=\"strict-origin-when-cross-origin\" allowfullscreen><\/iframe>\n<\/div><\/figure>\n\n\n\n<figure class=\"wp-block-embed is-type-video is-provider-youtube wp-block-embed-youtube wp-embed-aspect-4-3 wp-has-aspect-ratio\"><div class=\"wp-block-embed__wrapper\">\n<iframe loading=\"lazy\" title=\"The horrors - Mobydick Madrid\" width=\"500\" height=\"375\" src=\"https:\/\/www.youtube.com\/embed\/Dyg-UERaKTM?feature=oembed\" frameborder=\"0\" allow=\"accelerometer; autoplay; clipboard-write; encrypted-media; gyroscope; picture-in-picture; web-share\" referrerpolicy=\"strict-origin-when-cross-origin\" allowfullscreen><\/iframe>\n<\/div><\/figure>\n\n\n\n<figure class=\"wp-block-embed is-type-video is-provider-youtube wp-block-embed-youtube wp-embed-aspect-4-3 wp-has-aspect-ratio\"><div class=\"wp-block-embed__wrapper\">\n<iframe loading=\"lazy\" title=\"The Horrors @ Moby Dick\" width=\"500\" height=\"375\" src=\"https:\/\/www.youtube.com\/embed\/zxtwMEVveJU?feature=oembed\" frameborder=\"0\" allow=\"accelerometer; autoplay; clipboard-write; encrypted-media; gyroscope; picture-in-picture; web-share\" referrerpolicy=\"strict-origin-when-cross-origin\" allowfullscreen><\/iframe>\n<\/div><\/figure>\n\n\n\n<p>Se parecen tan poco los Horrors de hoy en d\u00eda a los de su primer concierto en Madrid, el 7 mayo de 2007, como&nbsp;<a href=\"https:\/\/www.eldiario.es\/cultura\/musica\/nick-cave-escalofrio-recorre-europa_129_11766389.html\">el Nick Cave actual<\/a>&nbsp;al de Birthday Party. Aquel concierto todav\u00eda se recuerda como uno de los mejores que se han visto nunca en la capital. En \u00e9l, el cantante, Faris Badwan, no paraba de trepar por las redes y aparejos que por entonces decoraban la sala Moby Dick, y en un momento de \u00e9xtasis se lanz\u00f3 hacia la bola disco que colgaba del techo, la cual se desenganch\u00f3, para acabar estrellada en la nariz de uno de los asistentes, que sali\u00f3 de all\u00ed con la cara ensangrentada, pero feliz.&nbsp;<a href=\"https:\/\/www.youtube.com\/watch?v=U_RODmazt5I\" target=\"_blank\" rel=\"noreferrer noopener\">Hay v\u00eddeos&nbsp;<\/a>que afortunadamente lo atestiguan, porque si no, creer\u00edamos que lo so\u00f1amos. Al terminar la actuaci\u00f3n, unas j\u00f3venes fans se lanzaron a los pies de Tom Furse, uno de los miembros que ya no forman parte del grupo, para agarrarle los tobillos y as\u00ed impedir que abandonara el escenario. Furse dio dos pasos atr\u00e1s, asustado, mientras agitaba las manos diciendo que no.<\/p>\n\n\n\n<p>Los inconformistas The Horrors se han caracterizado por dibujar una carrera de seis discos en el que no hay uno igual. Cada \u00e1lbum le pega a un g\u00e9nero diferente. Dec\u00edan que se aburr\u00edan y que no quer\u00edan ser &#8216;un grupo de garage&#8217; o &#8216;un grupo de dreampop&#8217;, que no quer\u00edan repetirse. La nefasta consecuencia de esta v\u00eda constantemente experimental es que han acabado siendo un grupo sin sonido propio.<\/p>\n\n\n\n<p>Y eso se demostr\u00f3 en el concierto de este domingo en la sala Mon de Madrid, promovido por Primavera Tours, donde se intercalaban canciones de su nuevo disco,&nbsp;<em>Night Life<\/em>&nbsp;(2025), con el que parece ser que ahora quieren ser un grupo de rock, con los temas dreampop de&nbsp;<em>Primary Colors&nbsp;<\/em>(entre ellos, los magn\u00edficos&nbsp;<em>Mirror&#8217;s Image, Scarlet Fields<\/em>&nbsp;o&nbsp;<em>Sea Within a Sea)<\/em>, o la poppie&nbsp;<em>Something to Remember Me By<\/em>&nbsp;de su disco&nbsp;<em>V<\/em>&nbsp;(2017).<\/p>\n\n\n\n<p>Las nuevas canciones no han hecho sino intensificar lo que ya se ven\u00eda viendo antes de su periodo de descanso y reformaci\u00f3n \u2014han pasado ocho a\u00f1os desde su \u00faltimo disco, tres desde que publicaran una \u00faltima canci\u00f3n y otros ocho desde que no tocaban en Madrid, adem\u00e1s de la sustituci\u00f3n de dos de sus componentes\u2014 que sus conciertos son un caos musical. Es dif\u00edcil generar una actuaci\u00f3n compacta, con sentido y que pretenda expresar algo cuando unas canciones son tan diferentes de otras. El clima sube y baja, el p\u00fablico responde indiferente \u2014con las nuevas\u2014 o se activa de repente \u2014con las canciones que conoce y puede corear\u2014 y todo suena, en general, festivalero.<\/p>\n\n\n\n<p>El concierto estaba&nbsp;<em>sold out&nbsp;<\/em>y la sala se qued\u00f3 peque\u00f1a. Parec\u00eda evidente que tanto el grupo como el p\u00fablico actuaban como si estuvieran en el escenario de un festival, sin estarlo. The Horrors han convertido su sonido en ese tipo de producci\u00f3n que funciona tan bien en espacios al aire libre y ante muchos miles de personas. Adem\u00e1s, el tono rock de las nuevas canciones, lo favorece. Pero, en una sala como esta, el resultado es parad\u00f3jicamente contrario: frialdad.<\/p>\n\n\n\n<p>Quiz\u00e1 pas\u00f3 desapercibido, pues tampoco tuvo una especial respuesta, el importante gesto de Faris Badwan, que es brit\u00e1nico-palestino, a la hora de presentar uno de los temas m\u00e1s apreciados de su carrera:&nbsp;<em>Sea Within A Sea,<\/em>&nbsp;renombrada como&nbsp;<em>From The River To The Sea,<\/em>&nbsp;en alusi\u00f3n a \u201cDesde el r\u00edo hasta el mar\u201d, una&nbsp;<a href=\"https:\/\/www.eldiario.es\/internacional\/rio-mar-lema-israel-extrema-derecha-retuercen-criminalizar-causa-palestina_1_11391346.html\">expresi\u00f3n de apoyo al pueblo palestino<\/a>&nbsp;cuyo uso ha traido problemas&nbsp;<a href=\"https:\/\/www.eldiario.es\/cultura\/cine\/policia-investiga-discurso-cineasta-berlinale-decir-rio-mar-palestina-sera-libre_1_12067777.html\">en la \u00faltima Berlinale<\/a>&nbsp;o&nbsp;<a href=\"https:\/\/www.eldiario.es\/cultura\/museo-reina-sofia-cede-presiones-icom-israel-retira-titulo-rio-mar-actividades_1_11370662.html\">al Museo Reina Sof\u00eda<\/a>. Bowdan mantiene en sus redes sociales la constante denuncia de la masacre en Gaza y su apoyo al pueblo palestino.<a href=\"https:\/\/www.eldiario.es\/cultura\/musica\/libro-descubrir-family-gran-misterio-pop-espanol_1_12173530.html\">El libro que intenta descubrir a Family, el gran misterio del pop espa\u00f1ol<\/a><\/p>\n\n\n\n<p>Lo que s\u00ed contin\u00faa invariable en los conciertos de The Horrors es su pasi\u00f3n por la brevedad. Una hora hasta el falso adi\u00f3s, hora y cuarto incluyendo el bis. Los conciertos cortos tienen sus detractores \u2014especialmente aquellos que calculan la rentabilidad en t\u00e9rminos euro del precio de la entrada por minuto\u2014 pero hay que admitir que deja mejor sabor de boca ser parco que ser cansino. Resta una \u00faltima fecha de la gira de presentaci\u00f3n de&nbsp;<em>Night Life<\/em>&nbsp;en Espa\u00f1a, con el concierto de este lunes 7 de abril en Valencia, en la sala Moon.<\/p>\n\n\n\n<p><a href=\"https:\/\/www.eldiario.es\/cultura\/musica\/the-horrors-regresa-buscar-silla-dejo-vacia-convertida-banda-rock_129_12198112.html\" data-type=\"link\" data-id=\"https:\/\/www.eldiario.es\/cultura\/musica\/the-horrors-regresa-buscar-silla-dejo-vacia-convertida-banda-rock_129_12198112.html\">Publicado en elDiario.es<\/a><\/p>\n","protected":false},"excerpt":{"rendered":"<p>Algunos asistentes al concierto de The Horrors el 6 de abril en Madrid \u2014tras su paso tambi\u00e9n por Santiago de Compostela y Barcelona\u2014 se sorprend\u00edan al descubrir en una r\u00e1pida consulta a sus tel\u00e9fonos m\u00f3viles que el grupo brit\u00e1nico tiene una carrera de 20 a\u00f1os. Muchos no los descubrieron hasta su segundo trabajo,&nbsp;Primary Colors&nbsp;(2009), un [&hellip;]<\/p>\n","protected":false},"author":1,"featured_media":2002004050,"comment_status":"open","ping_status":"open","sticky":false,"template":"","format":"standard","meta":{"footnotes":""},"categories":[1],"tags":[],"class_list":["post-2002004049","post","type-post","status-publish","format-standard","has-post-thumbnail","hentry","category-sin-categoria"],"_links":{"self":[{"href":"http:\/\/www.elenacabrera.com\/weblog3\/wp-json\/wp\/v2\/posts\/2002004049","targetHints":{"allow":["GET"]}}],"collection":[{"href":"http:\/\/www.elenacabrera.com\/weblog3\/wp-json\/wp\/v2\/posts"}],"about":[{"href":"http:\/\/www.elenacabrera.com\/weblog3\/wp-json\/wp\/v2\/types\/post"}],"author":[{"embeddable":true,"href":"http:\/\/www.elenacabrera.com\/weblog3\/wp-json\/wp\/v2\/users\/1"}],"replies":[{"embeddable":true,"href":"http:\/\/www.elenacabrera.com\/weblog3\/wp-json\/wp\/v2\/comments?post=2002004049"}],"version-history":[{"count":4,"href":"http:\/\/www.elenacabrera.com\/weblog3\/wp-json\/wp\/v2\/posts\/2002004049\/revisions"}],"predecessor-version":[{"id":2002004054,"href":"http:\/\/www.elenacabrera.com\/weblog3\/wp-json\/wp\/v2\/posts\/2002004049\/revisions\/2002004054"}],"wp:featuredmedia":[{"embeddable":true,"href":"http:\/\/www.elenacabrera.com\/weblog3\/wp-json\/wp\/v2\/media\/2002004050"}],"wp:attachment":[{"href":"http:\/\/www.elenacabrera.com\/weblog3\/wp-json\/wp\/v2\/media?parent=2002004049"}],"wp:term":[{"taxonomy":"category","embeddable":true,"href":"http:\/\/www.elenacabrera.com\/weblog3\/wp-json\/wp\/v2\/categories?post=2002004049"},{"taxonomy":"post_tag","embeddable":true,"href":"http:\/\/www.elenacabrera.com\/weblog3\/wp-json\/wp\/v2\/tags?post=2002004049"}],"curies":[{"name":"wp","href":"https:\/\/api.w.org\/{rel}","templated":true}]}}