{"id":2002004073,"date":"2025-09-29T12:44:03","date_gmt":"2025-09-29T10:44:03","guid":{"rendered":"https:\/\/www.elenacabrera.com\/weblog3\/?p=2002004073"},"modified":"2025-12-18T23:26:27","modified_gmt":"2025-12-18T22:26:27","slug":"david-cronenberg-dice-que-la-muerte-es-un-absurdo","status":"publish","type":"post","link":"http:\/\/www.elenacabrera.com\/weblog3\/2025\/09\/29\/david-cronenberg-dice-que-la-muerte-es-un-absurdo\/","title":{"rendered":"David Cronenberg dice que la muerte \u00abes un absurdo\u00bb"},"content":{"rendered":"\n<p>Por supuesto, las entrevistas que hago a las personas que admiro son las peores de mi carrera.<\/p>\n\n\n\n<p>En <a href=\"https:\/\/www.eldiario.es\/cultura\/cine\/david-cronenberg-despliega-sudarios-vision-muerte-existencialistas-ateos-absurdo_1_12609828.html\" data-type=\"link\" data-id=\"https:\/\/www.eldiario.es\/cultura\/cine\/david-cronenberg-despliega-sudarios-vision-muerte-existencialistas-ateos-absurdo_1_12609828.html\">este art\u00edculo<\/a> revelo que fui yo la que le cont\u00e9 a David Cronenberg que el t\u00edtulo de su pel\u00edcula <em>The Shrouds<\/em> es en Espa\u00f1a <em>Profanaci\u00f3n<\/em>. Su enfado provoca que unos d\u00edas despu\u00e9s, Filmin rectifique y mande una nota de prensa diciendo que ahora la pel\u00edcula se llama oficialmente en Espa\u00f1a, <em>Los sudarios.<\/em><\/p>\n\n\n\n<p>\u201cLa distribuidora habr\u00e1 pensado que\u00a0<em>Profanaci\u00f3n\u00a0<\/em>era un t\u00edtulo mejor pero\u00a0<em>The Shrouds<\/em>\u00a0es un t\u00edtulo muy neutral, no es un t\u00edtulo que d\u00e9 miedo, no es un t\u00edtulo religioso, mientras que\u00a0<em>Profanaci\u00f3n\u00a0<\/em>s\u00ed lo es. La pel\u00edcula no tiene nada que ver con eso y me parece que es enga\u00f1oso. No me convence ese t\u00edtulo y no me preguntaron qu\u00e9 pensaba sobre ello\u201d, me dijo.<\/p>\n\n\n\n<p>Lo m\u00e1s triste de todo es que no hemos podido ver la \u00faltima pel\u00edcula de Cronenberg en el cine, y esto s\u00ed que no me cabe en la cabeza.<\/p>\n\n\n\n<p>Dejo aqu\u00ed la entrevista: <a href=\"https:\/\/www.eldiario.es\/cultura\/cine\/david-cronenberg-despliega-sudarios-vision-muerte-existencialistas-ateos-absurdo_1_12609828.html\" data-type=\"link\" data-id=\"https:\/\/www.eldiario.es\/cultura\/cine\/david-cronenberg-despliega-sudarios-vision-muerte-existencialistas-ateos-absurdo_1_12609828.html\">David Cronenberg despliega en \u2018Los sudarios\u2019 su visi\u00f3n de la muerte: \u201cPara los existencialistas ateos como yo, es un absurdo\u201d.<\/a><\/p>\n\n\n\n<p>(Gracias, Javier Zurro).<\/p>\n\n\n\n<p><\/p>\n","protected":false},"excerpt":{"rendered":"<p>Por supuesto, las entrevistas que hago a las personas que admiro son las peores de mi carrera. En este art\u00edculo revelo que fui yo la que le cont\u00e9 a David Cronenberg que el t\u00edtulo de su pel\u00edcula The Shrouds es en Espa\u00f1a Profanaci\u00f3n. Su enfado provoca que unos d\u00edas despu\u00e9s, Filmin rectifique y mande una [&hellip;]<\/p>\n","protected":false},"author":1,"featured_media":2002004075,"comment_status":"closed","ping_status":"closed","sticky":false,"template":"","format":"standard","meta":{"footnotes":""},"categories":[1],"tags":[],"class_list":["post-2002004073","post","type-post","status-publish","format-standard","has-post-thumbnail","hentry","category-sin-categoria"],"_links":{"self":[{"href":"http:\/\/www.elenacabrera.com\/weblog3\/wp-json\/wp\/v2\/posts\/2002004073","targetHints":{"allow":["GET"]}}],"collection":[{"href":"http:\/\/www.elenacabrera.com\/weblog3\/wp-json\/wp\/v2\/posts"}],"about":[{"href":"http:\/\/www.elenacabrera.com\/weblog3\/wp-json\/wp\/v2\/types\/post"}],"author":[{"embeddable":true,"href":"http:\/\/www.elenacabrera.com\/weblog3\/wp-json\/wp\/v2\/users\/1"}],"replies":[{"embeddable":true,"href":"http:\/\/www.elenacabrera.com\/weblog3\/wp-json\/wp\/v2\/comments?post=2002004073"}],"version-history":[{"count":1,"href":"http:\/\/www.elenacabrera.com\/weblog3\/wp-json\/wp\/v2\/posts\/2002004073\/revisions"}],"predecessor-version":[{"id":2002004076,"href":"http:\/\/www.elenacabrera.com\/weblog3\/wp-json\/wp\/v2\/posts\/2002004073\/revisions\/2002004076"}],"wp:featuredmedia":[{"embeddable":true,"href":"http:\/\/www.elenacabrera.com\/weblog3\/wp-json\/wp\/v2\/media\/2002004075"}],"wp:attachment":[{"href":"http:\/\/www.elenacabrera.com\/weblog3\/wp-json\/wp\/v2\/media?parent=2002004073"}],"wp:term":[{"taxonomy":"category","embeddable":true,"href":"http:\/\/www.elenacabrera.com\/weblog3\/wp-json\/wp\/v2\/categories?post=2002004073"},{"taxonomy":"post_tag","embeddable":true,"href":"http:\/\/www.elenacabrera.com\/weblog3\/wp-json\/wp\/v2\/tags?post=2002004073"}],"curies":[{"name":"wp","href":"https:\/\/api.w.org\/{rel}","templated":true}]}}