{"id":2002004089,"date":"2026-03-02T12:54:31","date_gmt":"2026-03-02T11:54:31","guid":{"rendered":"https:\/\/www.elenacabrera.com\/weblog3\/?p=2002004089"},"modified":"2026-03-04T08:23:06","modified_gmt":"2026-03-04T07:23:06","slug":"investigar-a-julio-iglesias","status":"publish","type":"post","link":"http:\/\/www.elenacabrera.com\/weblog3\/2026\/03\/02\/investigar-a-julio-iglesias\/","title":{"rendered":"Investigar a Julio Iglesias"},"content":{"rendered":"\n<p>Un par de veces me han preguntado si ya hab\u00eda hecho esto antes. Contest\u00e9 que hice algo parecido, pero que me llev\u00f3 menos tiempo y se qued\u00f3 en un caj\u00f3n. Se trataba tambi\u00e9n de una acusaci\u00f3n por agresi\u00f3n sexual a una persona relevante en la cultura. Yo misma recomend\u00e9 que no se publicara, aunque hab\u00eda pasado los filtros legales y la edici\u00f3n de mis jefes. No niego que la historia que contaba ese reportaje no fuera real, pero me surgieron dudas que me imped\u00edan defender a muerte esa historia.<\/p>\n\n\n\n<p>Por supuesto que sent\u00ed que hab\u00eda fallado a esa mujer, pero tambi\u00e9n pens\u00e9 que me fallar\u00eda a m\u00ed misma como periodista si publicaba un art\u00edculo con fisuras.<\/p>\n\n\n\n<p>Con Julio Iglesias, el proceso fue muy distinto.<\/p>\n\n\n\n<p>Con <a href=\"https:\/\/www.eldiario.es\/cultura\/extrabajadoras-mansiones-julio-iglesias-acusan-cantante-agresiones-sexuales_1_12902425.html\" data-type=\"link\" data-id=\"https:\/\/www.eldiario.es\/cultura\/extrabajadoras-mansiones-julio-iglesias-acusan-cantante-agresiones-sexuales_1_12902425.html\">los testimonios<\/a> que reun\u00ed en estos tres a\u00f1os de investigaci\u00f3n, la convicci\u00f3n de su veracidad era tan grande, que el d\u00eda que alguien me sugiri\u00f3 que quiz\u00e1 la historia se quedar\u00eda en un caj\u00f3n, como tantas otras, fue uno de los peores de mi vida. \u00bfC\u00f3mo ser\u00eda mi futuro si tuviera que seguir adelante con mi vida y mi trabajo, sabiendo lo que s\u00e9? \u00bfC\u00f3mo me sentir\u00eda cuando llegara el verano y empezaran a circular los memes del mes de julio? \u00bfC\u00f3mo reaccionar\u00eda cuando alguien pinchara<em> Un d\u00eda t\u00fa, un d\u00eda yo<\/em> (una canci\u00f3n que me encanta) en una fiesta? \u00bfC\u00f3mo seguir\u00eda hablando con las mujeres que hab\u00edan confiado en m\u00ed, que me hab\u00edan dicho cosas tan \u00edntimas, con tanta verg\u00fcenza, entre tanto llanto y tanto miedo?<\/p>\n\n\n\n<p>No me ve\u00eda capaz. Me imagin\u00e9 abandonando. Me visualic\u00e9 como jardinera, que es el trabajo con el que fantaseo cuando siento que no puedo con el peso del que tengo.<\/p>\n\n\n\n<p>El 13 de enero a las cinco de la ma\u00f1ana, el secreto se convirti\u00f3 en historia. Fue como romper un jarr\u00f3n. Pero para m\u00ed hubo un momento m\u00e1s poderoso, semanas atr\u00e1s: cuando Ignacio Escolar me dijo \u00abvamos adelante\u00bb. Yo no pod\u00eda estar m\u00e1s orgullosa de \u00e9l, ni de el peri\u00f3dico que \u00e9l fund\u00f3 y en el que tengo el honor de trabajar, ni de la profesi\u00f3n que eleg\u00ed desde que era una ni\u00f1a, esto que es mucho m\u00e1s que un trabajo, esto que siento que s\u00e9 hacer dignamente.<\/p>\n\n\n\n<p>(Otro momento muy fuerte, que recuerdo con claridad, fue cuando Laura (nombre ficticio) me llam\u00f3 y me dijo: \u00abVamos a denunciarle\u00bb. Menos mal que estaba en mi casa porque la piernas no pod\u00edan sostenerme, me sent\u00e9 en el suelo y llor\u00e9 con una mezcla incontrolable de alegr\u00eda y ansiedad).<\/p>\n\n\n\n<p>Laura y Rebeca <a href=\"https:\/\/www.eldiario.es\/cultura\/mujeres-denuncian-espana-julio-iglesias-agresion-sexual-trata-seres-humanos_1_12902790.html\" data-type=\"link\" data-id=\"https:\/\/www.eldiario.es\/cultura\/mujeres-denuncian-espana-julio-iglesias-agresion-sexual-trata-seres-humanos_1_12902790.html\">denunciaron <\/a>ante la Fiscal\u00eda de la Audiencia Nacional el 5 de enero. Posteriormente a la publicaci\u00f3n del primer art\u00edculo, el d\u00eda 13, Iglesias, que no contest\u00f3 nuestras preguntas durante los 11 d\u00edas que le dimos de plazo, <a href=\"https:\/\/www.eldiario.es\/cultura\/julio-iglesias-rompe-silencio-niega-comunicado-acusaciones-agresion-sexual-extrabajadoras_1_12911717.html\">colg\u00f3 un comunicado<\/a> en Instagram, dijo que lo que hab\u00edamos publicado no era cierto y neg\u00f3 \u00abhaber faltado el respeto a ninguna mujer\u201d. La Fiscal\u00eda evalu\u00f3 la denuncia y consider\u00f3 que Espa\u00f1a <a href=\"https:\/\/www.eldiario.es\/cultura\/fiscalia-audiencia-nacional-archiva-investigacion-abierta-julio-iglesias-falta-competencia_1_12931535.html\">no ten\u00eda jurisdicci\u00f3n<\/a> para investigar los hechos. Pero Rebeca y Laura, a trav\u00e9s de sus abogadas de Women&#8217;s Link, dijeron <a href=\"https:\/\/www.eldiario.es\/cultura\/abogadas-denunciantes-julio-iglesias-anuncian-acciones-legales-rebeca-laura-seguiran-luchando-justicia_1_12931742.html\">que no se rendir\u00edan<\/a>, que seguir\u00edan buscando un acceso a la justicia.<\/p>\n\n\n\n<p>Algunos compa\u00f1eros me han dicho que la publicaci\u00f3n de esta exclusiva les hace estar orgullosos de ser periodistas. No hablo solo de compa\u00f1eros de elDiario.es, tambi\u00e9n de otros medios. Esto es de lo m\u00e1s bonito que me han dicho nunca.<\/p>\n\n\n\n<p><a href=\"https:\/\/www.eldiario.es\/julio-iglesias\/\" data-type=\"link\" data-id=\"https:\/\/www.eldiario.es\/julio-iglesias\/\">La investigaci\u00f3n<\/a> no ha terminado porque siento que la historia se ha contado de manera incompleta. Seguimos trabajando en ella. <\/p>\n\n\n\n<p>Gracias por creer en el periodismo.<\/p>\n\n\n\n<p><\/p>\n","protected":false},"excerpt":{"rendered":"<p>Un par de veces me han preguntado si ya hab\u00eda hecho esto antes. Contest\u00e9 que hice algo parecido, pero que me llev\u00f3 menos tiempo y se qued\u00f3 en un caj\u00f3n. Se trataba tambi\u00e9n de una acusaci\u00f3n por agresi\u00f3n sexual a una persona relevante en la cultura. Yo misma recomend\u00e9 que no se publicara, aunque hab\u00eda [&hellip;]<\/p>\n","protected":false},"author":1,"featured_media":2002004090,"comment_status":"closed","ping_status":"","sticky":false,"template":"","format":"standard","meta":{"footnotes":""},"categories":[1],"tags":[],"class_list":["post-2002004089","post","type-post","status-publish","format-standard","has-post-thumbnail","hentry","category-sin-categoria"],"_links":{"self":[{"href":"http:\/\/www.elenacabrera.com\/weblog3\/wp-json\/wp\/v2\/posts\/2002004089","targetHints":{"allow":["GET"]}}],"collection":[{"href":"http:\/\/www.elenacabrera.com\/weblog3\/wp-json\/wp\/v2\/posts"}],"about":[{"href":"http:\/\/www.elenacabrera.com\/weblog3\/wp-json\/wp\/v2\/types\/post"}],"author":[{"embeddable":true,"href":"http:\/\/www.elenacabrera.com\/weblog3\/wp-json\/wp\/v2\/users\/1"}],"replies":[{"embeddable":true,"href":"http:\/\/www.elenacabrera.com\/weblog3\/wp-json\/wp\/v2\/comments?post=2002004089"}],"version-history":[{"count":3,"href":"http:\/\/www.elenacabrera.com\/weblog3\/wp-json\/wp\/v2\/posts\/2002004089\/revisions"}],"predecessor-version":[{"id":2002004093,"href":"http:\/\/www.elenacabrera.com\/weblog3\/wp-json\/wp\/v2\/posts\/2002004089\/revisions\/2002004093"}],"wp:featuredmedia":[{"embeddable":true,"href":"http:\/\/www.elenacabrera.com\/weblog3\/wp-json\/wp\/v2\/media\/2002004090"}],"wp:attachment":[{"href":"http:\/\/www.elenacabrera.com\/weblog3\/wp-json\/wp\/v2\/media?parent=2002004089"}],"wp:term":[{"taxonomy":"category","embeddable":true,"href":"http:\/\/www.elenacabrera.com\/weblog3\/wp-json\/wp\/v2\/categories?post=2002004089"},{"taxonomy":"post_tag","embeddable":true,"href":"http:\/\/www.elenacabrera.com\/weblog3\/wp-json\/wp\/v2\/tags?post=2002004089"}],"curies":[{"name":"wp","href":"https:\/\/api.w.org\/{rel}","templated":true}]}}