{"id":2002004094,"date":"2026-03-04T08:34:45","date_gmt":"2026-03-04T07:34:45","guid":{"rendered":"https:\/\/www.elenacabrera.com\/weblog3\/?p=2002004094"},"modified":"2026-03-04T08:34:45","modified_gmt":"2026-03-04T07:34:45","slug":"julio-iglesias-me-ha-demandado","status":"publish","type":"post","link":"http:\/\/www.elenacabrera.com\/weblog3\/2026\/03\/04\/julio-iglesias-me-ha-demandado\/","title":{"rendered":"Julio Iglesias me ha demandado"},"content":{"rendered":"\n<p>Ojal\u00e1 me hubiera concedido una entrevista. Ojal\u00e1 hubiera levantado el tel\u00e9fono las innumerables veces que le llam\u00e9. Ojal\u00e1 hubiera contestado alg\u00fan mensaje con las decenas de preguntas que ten\u00eda para \u00e9l.<\/p>\n\n\n\n<p>En lugar de eso, <a href=\"https:\/\/www.eldiario.es\/cultura\/julio-iglesias-rompe-silencio-niega-comunicado-acusaciones-agresion-sexual-extrabajadoras_1_12911717.html\" data-type=\"link\" data-id=\"https:\/\/www.eldiario.es\/cultura\/julio-iglesias-rompe-silencio-niega-comunicado-acusaciones-agresion-sexual-extrabajadoras_1_12911717.html\">un post <\/a>en Instagram.<\/p>\n\n\n\n<p>En lugar de eso, un conocido abogado madrile\u00f1o, Jos\u00e9 Antonio Chocl\u00e1n \u2014<a href=\"https:\/\/www.larazon.es\/espana\/quien-jose-antonio-choclan-abogado-estrellas-que-lucha-defender-aldama_2024112767472a0485d24c0001c80fbc.html\" data-type=\"link\" data-id=\"https:\/\/www.larazon.es\/espana\/quien-jose-antonio-choclan-abogado-estrellas-que-lucha-defender-aldama_2024112767472a0485d24c0001c80fbc.html\">\u00abel abogado de las estrellas\u00bb<\/a>, escribi\u00f3 La Raz\u00f3n\u2014 nos manda una demanda de conciliaci\u00f3n por injurias y calumnias, el paso previo a la presentaci\u00f3n de una querella.<\/p>\n\n\n\n<p>En esa \u00abconciliaci\u00f3n\u00bb, Julio Iglesias pretende que  borremos los art\u00edculos, nos disculpemos y le indemnicemos. Pero ya lo ha dicho nuestro director: <a href=\"https:\/\/www.eldiario.es\/escolar\/julio-iglesias-demanda-defender_132_13038076.html\" data-type=\"link\" data-id=\"https:\/\/www.eldiario.es\/escolar\/julio-iglesias-demanda-defender_132_13038076.html\">no vamos a rectificar<\/a>.<\/p>\n\n\n\n<p>Nos vemos en los tribunales, Julio.<\/p>\n","protected":false},"excerpt":{"rendered":"<p>Ojal\u00e1 me hubiera concedido una entrevista. Ojal\u00e1 hubiera levantado el tel\u00e9fono las innumerables veces que le llam\u00e9. Ojal\u00e1 hubiera contestado alg\u00fan mensaje con las decenas de preguntas que ten\u00eda para \u00e9l. En lugar de eso, un post en Instagram. En lugar de eso, un conocido abogado madrile\u00f1o, Jos\u00e9 Antonio Chocl\u00e1n \u2014\u00abel abogado de las estrellas\u00bb, [&hellip;]<\/p>\n","protected":false},"author":1,"featured_media":2002004095,"comment_status":"closed","ping_status":"","sticky":false,"template":"","format":"standard","meta":{"footnotes":""},"categories":[1],"tags":[],"class_list":["post-2002004094","post","type-post","status-publish","format-standard","has-post-thumbnail","hentry","category-sin-categoria"],"_links":{"self":[{"href":"http:\/\/www.elenacabrera.com\/weblog3\/wp-json\/wp\/v2\/posts\/2002004094","targetHints":{"allow":["GET"]}}],"collection":[{"href":"http:\/\/www.elenacabrera.com\/weblog3\/wp-json\/wp\/v2\/posts"}],"about":[{"href":"http:\/\/www.elenacabrera.com\/weblog3\/wp-json\/wp\/v2\/types\/post"}],"author":[{"embeddable":true,"href":"http:\/\/www.elenacabrera.com\/weblog3\/wp-json\/wp\/v2\/users\/1"}],"replies":[{"embeddable":true,"href":"http:\/\/www.elenacabrera.com\/weblog3\/wp-json\/wp\/v2\/comments?post=2002004094"}],"version-history":[{"count":1,"href":"http:\/\/www.elenacabrera.com\/weblog3\/wp-json\/wp\/v2\/posts\/2002004094\/revisions"}],"predecessor-version":[{"id":2002004096,"href":"http:\/\/www.elenacabrera.com\/weblog3\/wp-json\/wp\/v2\/posts\/2002004094\/revisions\/2002004096"}],"wp:featuredmedia":[{"embeddable":true,"href":"http:\/\/www.elenacabrera.com\/weblog3\/wp-json\/wp\/v2\/media\/2002004095"}],"wp:attachment":[{"href":"http:\/\/www.elenacabrera.com\/weblog3\/wp-json\/wp\/v2\/media?parent=2002004094"}],"wp:term":[{"taxonomy":"category","embeddable":true,"href":"http:\/\/www.elenacabrera.com\/weblog3\/wp-json\/wp\/v2\/categories?post=2002004094"},{"taxonomy":"post_tag","embeddable":true,"href":"http:\/\/www.elenacabrera.com\/weblog3\/wp-json\/wp\/v2\/tags?post=2002004094"}],"curies":[{"name":"wp","href":"https:\/\/api.w.org\/{rel}","templated":true}]}}