{"id":2002258,"date":"2011-11-24T12:08:59","date_gmt":"2011-11-24T11:08:59","guid":{"rendered":""},"modified":"2011-12-01T12:13:55","modified_gmt":"2011-12-01T11:13:55","slug":"micropolitica-musical-para-un-pais-en-llamas","status":"publish","type":"post","link":"http:\/\/www.elenacabrera.com\/weblog3\/2011\/11\/24\/micropolitica-musical-para-un-pais-en-llamas\/","title":{"rendered":"Micropol\u00edtica musical para un pa\u00eds en llamas"},"content":{"rendered":"<p><strong>Toda la m\u00fasica es pol\u00edtica. Toda sirve a las deudas e intereses del poder, del mercado o de su clase. \u00bfToda? Puede ser que no. Algunos m\u00fasicos, atravesados por el 15M, exigen su derecho a repensar su actitud pol\u00edtica.<\/strong><\/p>\n<p>El artista no es, para el m\u00fasico Sergio S\u00e1nchez conocido tambi\u00e9n como Jazznoize, \u201cuna clase social, ni algo diferente que est\u00e9 por encima del bien y del mal\u201d. S\u00e1nchez comparte la responsabilidad del sello Micropol\u00edtica, un \u201carchivo sonoro\u201d -prefieren ese t\u00e9rmino antes que \u201cnetlabel\u201d- de tem\u00e1tica sociopol\u00edtica que ha puesto en circulaci\u00f3n el disco digital 15M. Un minuto para la Historia. \u201cLa pretendida neutralidad que algunos muestran -contin\u00faa S\u00e1nchez- es un aut\u00e9ntico enga\u00f1o, mi posici\u00f3n al respecto es que todos somos pol\u00edticos\u201d. Tanto Jazznoize como \u201cun m\u00fasico de radiof\u00f3mula\u201d tienen \u201cuna posici\u00f3n de clase y de un modo u otro hacen pol\u00edtica\u201d.<\/p>\n<p>La cultura espa\u00f1ola de las \u00faltimas d\u00e9cadas ha cultivado la posici\u00f3n de la no intervenci\u00f3n pol\u00edtica como discurso dominante. La desconexi\u00f3n ha sido tan grande que, ante la llegada del 15M, muchos se preguntaron d\u00f3nde estaban los m\u00fasicos, qu\u00e9 ten\u00edan que decir al respecto y porqu\u00e9 segu\u00edan en sus casas y no en las calles.<\/p>\n<p><iframe loading=\"lazy\" width=\"400\" height=\"100\" style=\"position: relative; display: block; width: 400px; height: 100px;\" src=\"http:\/\/bandcamp.com\/EmbeddedPlayer\/v=2\/track=2322252831\/size=venti\/bgcol=FFFFFF\/linkcol=ca1e07\/\" allowtransparency=\"true\" frameborder=\"0\"><a href=\"http:\/\/esunrobo.bandcamp.com\/track\/es-un-crimen\">Es un crimen by Robo<\/a><\/iframe><\/p>\n<p>A Roberto Herreros le gusta citar al artista Rogelio L\u00f3pez Cuenca cuando dijo en una entrevista que la etiqueta \u201ccomprometido\u201d califica m\u00e1s \u201cal que las pone que a lo etiquetado, que lo que est\u00e1 intentando es quedarse fuera \u00e9l mismo de la foto, cuando no hay arte que no sea pol\u00edtico, desde las pel\u00edculas de &#8216;entretenimiento&#8217; como las de Disney o las de Rambo, al cabez\u00f3n de la inocente nieta, pobrecita, de Antonio L\u00f3pez en Atocha\u201d. Es m\u00e1s, el arte pol\u00edtico no suele ser, en la mayor\u00eda de sus formas, cr\u00edtico con el sistema sino m\u00e1s bien servil. Ahondando en esa relaci\u00f3n Pedro Jim\u00e9nez de Voluble, Mediateletipos y el colectivo ZEMOS98 nos recuerda la instrumentalizaci\u00f3n como \u201cherramienta de ocio pero no central\u201d de la m\u00fasica dentro del concepto de m\u00edtin-fiesta: \u201ctraigo un grupo de m\u00fasica conocido para que vengan m\u00e1s a mi discurso pol\u00edtico\u201d.<\/p>\n<p><a href=\"http:\/\/noticias.lainformacion.com\/arte-cultura-y-espectaculos\/musica\/micropolitica-musical-para-un-pais-en-llamas_5lTZjGa2kS1EGOyrd6cNM5\/\">\u2026Sigue leyendo en lainformacion.com<\/a><\/p>\n","protected":false},"excerpt":{"rendered":"<p>Toda la m\u00fasica es pol\u00edtica. Toda sirve a las deudas e intereses del poder, del mercado o de su clase. \u00bfToda? Puede ser que no. Algunos m\u00fasicos, atravesados por el 15M, exigen su derecho a repensar su actitud pol\u00edtica. El artista no es, para el m\u00fasico Sergio S\u00e1nchez conocido tambi\u00e9n como Jazznoize, \u201cuna clase social, [&hellip;]<\/p>\n","protected":false},"author":1,"featured_media":0,"comment_status":"open","ping_status":"open","sticky":false,"template":"","format":"standard","meta":{"footnotes":""},"categories":[],"tags":[],"class_list":["post-2002258","post","type-post","status-publish","format-standard","hentry"],"_links":{"self":[{"href":"http:\/\/www.elenacabrera.com\/weblog3\/wp-json\/wp\/v2\/posts\/2002258","targetHints":{"allow":["GET"]}}],"collection":[{"href":"http:\/\/www.elenacabrera.com\/weblog3\/wp-json\/wp\/v2\/posts"}],"about":[{"href":"http:\/\/www.elenacabrera.com\/weblog3\/wp-json\/wp\/v2\/types\/post"}],"author":[{"embeddable":true,"href":"http:\/\/www.elenacabrera.com\/weblog3\/wp-json\/wp\/v2\/users\/1"}],"replies":[{"embeddable":true,"href":"http:\/\/www.elenacabrera.com\/weblog3\/wp-json\/wp\/v2\/comments?post=2002258"}],"version-history":[{"count":0,"href":"http:\/\/www.elenacabrera.com\/weblog3\/wp-json\/wp\/v2\/posts\/2002258\/revisions"}],"wp:attachment":[{"href":"http:\/\/www.elenacabrera.com\/weblog3\/wp-json\/wp\/v2\/media?parent=2002258"}],"wp:term":[{"taxonomy":"category","embeddable":true,"href":"http:\/\/www.elenacabrera.com\/weblog3\/wp-json\/wp\/v2\/categories?post=2002258"},{"taxonomy":"post_tag","embeddable":true,"href":"http:\/\/www.elenacabrera.com\/weblog3\/wp-json\/wp\/v2\/tags?post=2002258"}],"curies":[{"name":"wp","href":"https:\/\/api.w.org\/{rel}","templated":true}]}}