{"id":2002263,"date":"2011-12-05T23:49:11","date_gmt":"2011-12-05T22:49:11","guid":{"rendered":""},"modified":"2011-12-05T23:49:11","modified_gmt":"2011-12-05T22:49:11","slug":"la-television-musical-ya-no-es-rentable-adios-a-40-latino","status":"publish","type":"post","link":"http:\/\/www.elenacabrera.com\/weblog3\/2011\/12\/05\/la-television-musical-ya-no-es-rentable-adios-a-40-latino\/","title":{"rendered":"La televisi\u00f3n musical ya no es rentable: adi\u00f3s a 40 Latino"},"content":{"rendered":"<p><strong>El director de 40TV y 40 Latino anuncia la \u00abprobable desaparici\u00f3n\u00bb de este \u00faltimo en un contexto de poca inversi\u00f3n publicitaria y una redifinici\u00f3n de lo que significa pasar de ser un canal de m\u00fasica a convertirse en una marca juvenil multiplataforma. Los directores de Sol M\u00fasica, MTV Espa\u00f1a y los canales de Prisa analizan este dif\u00edcil momento.<\/strong><\/p>\n<p>Alberto y Elena se sientan en el sof\u00e1, frente al televisor. Sujetando cansinamente el mando de Imagenio recorren arriba y abajo todos los canales de m\u00fasica y se detienen cuando aparece un videoclip que les gusta. As\u00ed pasan dos, tres horas.<\/p>\n<p>En el bar Soul Station, un local madrile\u00f1o para copas y conciertos de poco p\u00fablico, Richard tiene sintonizado en las pantallas 40 Latino, pero sin sonido; la m\u00fasica proviene de un cd que suena en el equipo. A pesar de la asincron\u00eda, las dos personas que hay acodadas en la barra se entretienen mirando las im\u00e1genes.<\/p>\n<p>Dos ejemplos reales que anticipan esta pregunta: los canales de m\u00fasica a\u00fan sirven pero \u00bfpara qu\u00e9? Carlos Rioyo, director de 40TV y 40 Latino afirma que \u201cel consumo de la m\u00fasica ha cambiado radicalmente\u201d y anuncia que \u201ces posible que 40 Latino desaparezca\u201d. La desaparici\u00f3n de este canal dedicado a la m\u00fasica en espa\u00f1ol est\u00e1 unida a que, cuando naci\u00f3 en el a\u00f1o 2001, \u201cla \u00fanica opci\u00f3n de ver v\u00eddeos era a trav\u00e9s de la tele -recuerda su director- y ahora los v\u00eddeos se pueden ver en m\u00faltiples soportes y con buena calidad. Un canal que emite un v\u00eddeo tras otro, sin un contenido adicional que enriquezca su oferta, tiene un dif\u00edcil futuro\u201d.<\/p>\n<p><a href=\"http:\/\/noticias.lainformacion.com\/arte-cultura-y-espectaculos\/musica\/la-television-musical-ya-no-es-rentable-adios-a-40-latino_CQmCzdDxzez5kNuqjW2HF3\/\">&#8230;Sigue leyendo en lainformacion.com<\/a><\/p>\n<p><img decoding=\"async\" src=\"http:\/\/utils.lainformacion.com\/images\/IMGS_CMS\/mario-vaquerizo-presentando-el-especial-navideno-de-mtv-espana\/2011_11_29_PHOTO-dfa48df8589501570ba071f6c1bde049-1322590265-53.jpg?type=border&#038;width=645&#038;height=479.69280280866&#038;mtime=1322590390\"><\/p>\n","protected":false},"excerpt":{"rendered":"<p>El director de 40TV y 40 Latino anuncia la \u00abprobable desaparici\u00f3n\u00bb de este \u00faltimo en un contexto de poca inversi\u00f3n publicitaria y una redifinici\u00f3n de lo que significa pasar de ser un canal de m\u00fasica a convertirse en una marca juvenil multiplataforma. Los directores de Sol M\u00fasica, MTV Espa\u00f1a y los canales de Prisa analizan [&hellip;]<\/p>\n","protected":false},"author":1,"featured_media":0,"comment_status":"open","ping_status":"open","sticky":false,"template":"","format":"standard","meta":{"footnotes":""},"categories":[],"tags":[],"class_list":["post-2002263","post","type-post","status-publish","format-standard","hentry"],"_links":{"self":[{"href":"http:\/\/www.elenacabrera.com\/weblog3\/wp-json\/wp\/v2\/posts\/2002263","targetHints":{"allow":["GET"]}}],"collection":[{"href":"http:\/\/www.elenacabrera.com\/weblog3\/wp-json\/wp\/v2\/posts"}],"about":[{"href":"http:\/\/www.elenacabrera.com\/weblog3\/wp-json\/wp\/v2\/types\/post"}],"author":[{"embeddable":true,"href":"http:\/\/www.elenacabrera.com\/weblog3\/wp-json\/wp\/v2\/users\/1"}],"replies":[{"embeddable":true,"href":"http:\/\/www.elenacabrera.com\/weblog3\/wp-json\/wp\/v2\/comments?post=2002263"}],"version-history":[{"count":0,"href":"http:\/\/www.elenacabrera.com\/weblog3\/wp-json\/wp\/v2\/posts\/2002263\/revisions"}],"wp:attachment":[{"href":"http:\/\/www.elenacabrera.com\/weblog3\/wp-json\/wp\/v2\/media?parent=2002263"}],"wp:term":[{"taxonomy":"category","embeddable":true,"href":"http:\/\/www.elenacabrera.com\/weblog3\/wp-json\/wp\/v2\/categories?post=2002263"},{"taxonomy":"post_tag","embeddable":true,"href":"http:\/\/www.elenacabrera.com\/weblog3\/wp-json\/wp\/v2\/tags?post=2002263"}],"curies":[{"name":"wp","href":"https:\/\/api.w.org\/{rel}","templated":true}]}}