{"id":2002294,"date":"2011-12-20T23:57:00","date_gmt":"2011-12-20T22:57:00","guid":{"rendered":""},"modified":"2011-12-20T23:57:00","modified_gmt":"2011-12-20T22:57:00","slug":"ciclos-iturgaiz-intenta-publicar-una-esquela-de-kim-jong-il-pero-el-diario-vasco-la-rechaza","status":"publish","type":"post","link":"http:\/\/www.elenacabrera.com\/weblog3\/2011\/12\/20\/ciclos-iturgaiz-intenta-publicar-una-esquela-de-kim-jong-il-pero-el-diario-vasco-la-rechaza\/","title":{"rendered":"Ciclos Iturgaiz intenta publicar una esquela de Kim Jong-Il pero el Diario Vasco la rechaza"},"content":{"rendered":"<p><strong>Pretend\u00edan lanzar un mensaje ir\u00f3nico y sat\u00edrico, como suelen hacer en sus canciones, sobre un personaje al que califican de \u00abicono pop\u00bb.<\/strong><\/p>\n<p>Ciclos Iturgaiz, desprejuiciado e irreverente grupo musical con letras cr\u00edticas y sat\u00edricas contrat\u00f3 y pag\u00f3 una esquela en el Diario Vasco que deb\u00eda aparecer en la edici\u00f3n de hoy, 20 de diciembre.<\/p>\n<p>No se les hab\u00eda muerto ning\u00fan familiar. La esquela homenajeaba al l\u00edder de Corea del Norte, Kim Jong Il, fallecido el pasado fin de semana seg\u00fan inform\u00f3 la televisi\u00f3n estatal norcoreana. El grupo ya hab\u00eda manifestado en una entrevista para Lainformacion.com su deseo de componer una canci\u00f3n dedicada a este mandatario, al que calificaron de \u201cicono pop\u201d, al igual que otros artistas contempor\u00e1neos.<\/p>\n<p>Ritxar, cantante de Ciclos Iturgaiz, contrat\u00f3 una esquela sencilla a dos columnas con el texto \u201cKim Jong-Il (faro que ilumina a la clase trabajadora). Descanse en paz. Tus compa\u00f1eros de Ciclos Iturgaiz\u201d. El texto se acompa\u00f1a con una foto y una estrella.<\/p>\n<p><a href=\"http:\/\/noticias.lainformacion.com\/arte-cultura-y-espectaculos\/musica\/un-grupo-de-musica-intenta-publicar-una-esquela-de-kim-jong-il-y-el-diario-vasco-la-rechaza_x695cm85ylmi3COQ3m2Mr6\/\">Sigue leyendo en lainformacion.com<\/a><\/p>\n<p style=\"text-align: center;\"><img loading=\"lazy\" decoding=\"async\" class=\"aligncenter\" src=\"http:\/\/utils.lainformacion.com\/images\/IMGS_CMS\/esquela-de-kim-jong-il-realizada-por-el-grupo-ciclos-iturgaiz\/2011_12_20_PHOTO-194d12c6c474f287b1da5e4032ec269b-1324385648-71.jpg?type=border&amp;width=645&amp;height=516.4590747331&amp;mtime=1324385676\" alt=\"\" width=\"451\" height=\"361\" \/><\/p>\n","protected":false},"excerpt":{"rendered":"<p>Pretend\u00edan lanzar un mensaje ir\u00f3nico y sat\u00edrico, como suelen hacer en sus canciones, sobre un personaje al que califican de \u00abicono pop\u00bb. Ciclos Iturgaiz, desprejuiciado e irreverente grupo musical con letras cr\u00edticas y sat\u00edricas contrat\u00f3 y pag\u00f3 una esquela en el Diario Vasco que deb\u00eda aparecer en la edici\u00f3n de hoy, 20 de diciembre. No [&hellip;]<\/p>\n","protected":false},"author":1,"featured_media":0,"comment_status":"open","ping_status":"open","sticky":false,"template":"","format":"standard","meta":{"footnotes":""},"categories":[],"tags":[],"class_list":["post-2002294","post","type-post","status-publish","format-standard","hentry"],"_links":{"self":[{"href":"http:\/\/www.elenacabrera.com\/weblog3\/wp-json\/wp\/v2\/posts\/2002294","targetHints":{"allow":["GET"]}}],"collection":[{"href":"http:\/\/www.elenacabrera.com\/weblog3\/wp-json\/wp\/v2\/posts"}],"about":[{"href":"http:\/\/www.elenacabrera.com\/weblog3\/wp-json\/wp\/v2\/types\/post"}],"author":[{"embeddable":true,"href":"http:\/\/www.elenacabrera.com\/weblog3\/wp-json\/wp\/v2\/users\/1"}],"replies":[{"embeddable":true,"href":"http:\/\/www.elenacabrera.com\/weblog3\/wp-json\/wp\/v2\/comments?post=2002294"}],"version-history":[{"count":0,"href":"http:\/\/www.elenacabrera.com\/weblog3\/wp-json\/wp\/v2\/posts\/2002294\/revisions"}],"wp:attachment":[{"href":"http:\/\/www.elenacabrera.com\/weblog3\/wp-json\/wp\/v2\/media?parent=2002294"}],"wp:term":[{"taxonomy":"category","embeddable":true,"href":"http:\/\/www.elenacabrera.com\/weblog3\/wp-json\/wp\/v2\/categories?post=2002294"},{"taxonomy":"post_tag","embeddable":true,"href":"http:\/\/www.elenacabrera.com\/weblog3\/wp-json\/wp\/v2\/tags?post=2002294"}],"curies":[{"name":"wp","href":"https:\/\/api.w.org\/{rel}","templated":true}]}}