{"id":2002552,"date":"2012-06-04T13:33:55","date_gmt":"2012-06-04T12:33:55","guid":{"rendered":""},"modified":"2012-06-04T13:33:55","modified_gmt":"2012-06-04T12:33:55","slug":"una-vez-mas-depeche-mode-y-yo","status":"publish","type":"post","link":"http:\/\/www.elenacabrera.com\/weblog3\/2012\/06\/04\/una-vez-mas-depeche-mode-y-yo\/","title":{"rendered":"Una vez m\u00e1s, Depeche Mode y yo"},"content":{"rendered":"<p>El 7 de junio se inaugura una gran <a href=\"http:\/\/www.alhondigabilbao.com\/programacion\/live-music-experience\">exposici\u00f3n musical en el centro Alh\u00f3ndigaBilbao titulada Live Music Experience<\/a> y estar\u00e1 habierta hasta el 2 de septiembre.<\/p>\n<p>Sin haberla visto pero por lo que he le\u00eddo, es un gran backstage para entender c\u00f3mo es la m\u00fasica en directo desde dentro y est\u00e1 dividido por d\u00e9cadas desde los a\u00f1os 70. Ha sido dise\u00f1ada a partir de la memorabilia recolectada por el promotor Gay Mercader, que se acaba de jubilar. La comisaria es Patricia Godes y fue ella quien me invit\u00f3 a participar con un texto para el cat\u00e1logo. Patricia me pas\u00f3 una lista de los conciertos que estaban incluidos en la exposici\u00f3n y yo eleg\u00ed uno de Depeche Mode de 2009.<\/p>\n<p>Lo escrib\u00ed con admiraci\u00f3n y pasi\u00f3n de fan, \u00a1obviamente!<\/p>\n<p>Tampoco he visto el cat\u00e1logo a\u00fan pero me espero lo mejor. En la web hay un <a href=\"http:\/\/www.alhondigabilbao.com\/live-music-experience\/glosario-de-la-exposicion\">interesante glosario de t\u00e9rminos para entender mejor la exposici\u00f3n<\/a> pero que creo que pueder ser s\u00faper \u00fatil para todo aquel que quiera lanzarse a montar conciertos y no conozca bien los t\u00e9rminos, la m\u00edstica de los conciertos o una breve historia del rock en vivo. Un par de ejemplos:<\/p>\n<blockquote><p>Rigging: En castellano \u00abaparejo\u00bb. Es un t\u00e9rmino n\u00e1utico adoptado por el teatro que pas\u00f3 al mundo del espect\u00e1culo en general. Se aplica a todo el equipo que cuelga del techo incluyendo peines de luces, trusses y vigas.<\/p>\n<p>Mechero: La costumbre de encender y balancear una llama en honor del \u00eddolo comenz\u00f3 en Woodstock y Wight y adquiri\u00f3 categor\u00eda de ritual roquero en la gira de Dylan y The Band de 1974. Las c\u00e1maras del tel\u00e9fono m\u00f3vil ha sustituido a mecheros y cerillas en la \u00faltima d\u00e9cada.<\/p><\/blockquote>\n<p>Los que me le\u00e1is desde Bilbao, id y me cont\u00e1is. Ojal\u00e1 alguien se anime a traer la exposici\u00f3 a Madrid.<\/p>\n<p><iframe loading=\"lazy\" width=\"500\" height=\"281\" src=\"http:\/\/www.youtube.com\/embed\/9FZSy90smGU?rel=0\" frameborder=\"0\" allowfullscreen><\/iframe><\/p>\n","protected":false},"excerpt":{"rendered":"<p>El 7 de junio se inaugura una gran exposici\u00f3n musical en el centro Alh\u00f3ndigaBilbao titulada Live Music Experience y estar\u00e1 habierta hasta el 2 de septiembre. Sin haberla visto pero por lo que he le\u00eddo, es un gran backstage para entender c\u00f3mo es la m\u00fasica en directo desde dentro y est\u00e1 dividido por d\u00e9cadas desde [&hellip;]<\/p>\n","protected":false},"author":1,"featured_media":0,"comment_status":"open","ping_status":"open","sticky":false,"template":"","format":"standard","meta":{"footnotes":""},"categories":[],"tags":[],"class_list":["post-2002552","post","type-post","status-publish","format-standard","hentry"],"_links":{"self":[{"href":"http:\/\/www.elenacabrera.com\/weblog3\/wp-json\/wp\/v2\/posts\/2002552","targetHints":{"allow":["GET"]}}],"collection":[{"href":"http:\/\/www.elenacabrera.com\/weblog3\/wp-json\/wp\/v2\/posts"}],"about":[{"href":"http:\/\/www.elenacabrera.com\/weblog3\/wp-json\/wp\/v2\/types\/post"}],"author":[{"embeddable":true,"href":"http:\/\/www.elenacabrera.com\/weblog3\/wp-json\/wp\/v2\/users\/1"}],"replies":[{"embeddable":true,"href":"http:\/\/www.elenacabrera.com\/weblog3\/wp-json\/wp\/v2\/comments?post=2002552"}],"version-history":[{"count":0,"href":"http:\/\/www.elenacabrera.com\/weblog3\/wp-json\/wp\/v2\/posts\/2002552\/revisions"}],"wp:attachment":[{"href":"http:\/\/www.elenacabrera.com\/weblog3\/wp-json\/wp\/v2\/media?parent=2002552"}],"wp:term":[{"taxonomy":"category","embeddable":true,"href":"http:\/\/www.elenacabrera.com\/weblog3\/wp-json\/wp\/v2\/categories?post=2002552"},{"taxonomy":"post_tag","embeddable":true,"href":"http:\/\/www.elenacabrera.com\/weblog3\/wp-json\/wp\/v2\/tags?post=2002552"}],"curies":[{"name":"wp","href":"https:\/\/api.w.org\/{rel}","templated":true}]}}