{"id":2002565,"date":"2012-06-28T09:53:58","date_gmt":"2012-06-28T08:53:58","guid":{"rendered":""},"modified":"2012-06-28T09:53:58","modified_gmt":"2012-06-28T08:53:58","slug":"nos-vamos-de-feria","status":"publish","type":"post","link":"http:\/\/www.elenacabrera.com\/weblog3\/2012\/06\/28\/nos-vamos-de-feria\/","title":{"rendered":"Nos vamos de feria"},"content":{"rendered":"<p>El domingo 1 de julio Autoreverse vender\u00e1 tambi\u00e9n sus discos en la <a href=\"http:\/\/lafonoteca.net\/blog\/2012\/06\/14\/i-feria-del-disco-independiente-en-madrid\/\">I Feria del Disco Independiente de Madrid<\/a>.<\/p>\n<p><iframe loading=\"lazy\" src=\"http:\/\/player.vimeo.com\/video\/43606981\" width=\"500\" height=\"222\" frameborder=\"0\" webkitAllowFullScreen mozallowfullscreen allowFullScreen><\/iframe><\/p>\n<p>Es en The Wall (Corredera Baja de San Pablo, 47) a partir de las 11 de la ma\u00f1ana.<\/p>\n<p>Como dice una canci\u00f3n del pr\u00f3ximo disco de Comando Suzie, <em>y yo te promet\u00ed feria<\/em>&#8230;<\/p>\n","protected":false},"excerpt":{"rendered":"<p>El domingo 1 de julio Autoreverse vender\u00e1 tambi\u00e9n sus discos en la I Feria del Disco Independiente de Madrid. Es en The Wall (Corredera Baja de San Pablo, 47) a partir de las 11 de la ma\u00f1ana. Como dice una canci\u00f3n del pr\u00f3ximo disco de Comando Suzie, y yo te promet\u00ed feria&#8230;<\/p>\n","protected":false},"author":1,"featured_media":0,"comment_status":"open","ping_status":"open","sticky":false,"template":"","format":"standard","meta":{"footnotes":""},"categories":[],"tags":[],"class_list":["post-2002565","post","type-post","status-publish","format-standard","hentry"],"_links":{"self":[{"href":"http:\/\/www.elenacabrera.com\/weblog3\/wp-json\/wp\/v2\/posts\/2002565","targetHints":{"allow":["GET"]}}],"collection":[{"href":"http:\/\/www.elenacabrera.com\/weblog3\/wp-json\/wp\/v2\/posts"}],"about":[{"href":"http:\/\/www.elenacabrera.com\/weblog3\/wp-json\/wp\/v2\/types\/post"}],"author":[{"embeddable":true,"href":"http:\/\/www.elenacabrera.com\/weblog3\/wp-json\/wp\/v2\/users\/1"}],"replies":[{"embeddable":true,"href":"http:\/\/www.elenacabrera.com\/weblog3\/wp-json\/wp\/v2\/comments?post=2002565"}],"version-history":[{"count":0,"href":"http:\/\/www.elenacabrera.com\/weblog3\/wp-json\/wp\/v2\/posts\/2002565\/revisions"}],"wp:attachment":[{"href":"http:\/\/www.elenacabrera.com\/weblog3\/wp-json\/wp\/v2\/media?parent=2002565"}],"wp:term":[{"taxonomy":"category","embeddable":true,"href":"http:\/\/www.elenacabrera.com\/weblog3\/wp-json\/wp\/v2\/categories?post=2002565"},{"taxonomy":"post_tag","embeddable":true,"href":"http:\/\/www.elenacabrera.com\/weblog3\/wp-json\/wp\/v2\/tags?post=2002565"}],"curies":[{"name":"wp","href":"https:\/\/api.w.org\/{rel}","templated":true}]}}