{"id":2002613,"date":"2012-11-16T17:36:15","date_gmt":"2012-11-16T16:36:15","guid":{"rendered":""},"modified":"2012-11-16T17:36:15","modified_gmt":"2012-11-16T16:36:15","slug":"se-ceban-siempre-con-los-mas-indefensos","status":"publish","type":"post","link":"http:\/\/www.elenacabrera.com\/weblog3\/2012\/11\/16\/se-ceban-siempre-con-los-mas-indefensos\/","title":{"rendered":"Se ceban siempre con los m\u00e1s indefensos"},"content":{"rendered":"<p>En Eldiario.es estamos publicando art\u00edculos que no son noticias propiamente dicho sino historias de c\u00f3mo nos est\u00e1n yendo las cosas. A gente que no es famosa y su nombre en un titular no significa nada pero la vida y la econom\u00eda les dan reveses y su historia suma un ladrillo m\u00e1s de esta construcci\u00f3n de la sociedad espa\u00f1ola precarizada que estamos, quiz\u00e1, deconstruyendo.<\/p>\n<p>La de hoy es la historia de Jos\u00e9 Vidal Lozano, obrero de reformas dom\u00e9sticas -pintura, fontaner\u00eda, peque\u00f1as chapuzas- que tiene una discapacidad de nacimientos en los tobillos, lo cual le allana el camino para conseguir alg\u00fan empleo de esa cuota del 3 por ciento que las grandes empresas est\u00e1n obligadas a cubrir. Pero ni con esas. Mont\u00e1rselo por su cuenta, como hac\u00eda antes, tampoco es posible. Lo poco que le sale no le da para darse de alta como aut\u00f3nomo. Su asistente social le ha dicho que est\u00e1 en riesgo de exclusi\u00f3n, sobre todo, si deja de percibir la Renta M\u00ednima de Inserci\u00f3n, que es de lo que vive. Con 375 euros al mes. Le lleg\u00f3 una carta de la Comunidad de Madrid para citarle a una reuni\u00f3n anual de su expediente. meti\u00f3 el recibo que el cartero le dej\u00f3 en su buz\u00f3n en el bolsillo de una chaqueta. Y se olvid\u00f3. Esto pasa. Pero uno siempre espera que el cartero llame dos veces. Lo m\u00e1s probable es que noviembre no lo cobre.<\/p>\n<p><a href=\"http:\/\/www.eldiario.es\/sociedad\/ceban-siempre-indefensos_0_68593658.html\"><em>Lee el art\u00edculo en Eldiario.es<\/em><\/a><\/p>\n","protected":false},"excerpt":{"rendered":"<p>En Eldiario.es estamos publicando art\u00edculos que no son noticias propiamente dicho sino historias de c\u00f3mo nos est\u00e1n yendo las cosas. A gente que no es famosa y su nombre en un titular no significa nada pero la vida y la econom\u00eda les dan reveses y su historia suma un ladrillo m\u00e1s de esta construcci\u00f3n de [&hellip;]<\/p>\n","protected":false},"author":1,"featured_media":0,"comment_status":"open","ping_status":"open","sticky":false,"template":"","format":"standard","meta":{"footnotes":""},"categories":[],"tags":[],"class_list":["post-2002613","post","type-post","status-publish","format-standard","hentry"],"_links":{"self":[{"href":"http:\/\/www.elenacabrera.com\/weblog3\/wp-json\/wp\/v2\/posts\/2002613","targetHints":{"allow":["GET"]}}],"collection":[{"href":"http:\/\/www.elenacabrera.com\/weblog3\/wp-json\/wp\/v2\/posts"}],"about":[{"href":"http:\/\/www.elenacabrera.com\/weblog3\/wp-json\/wp\/v2\/types\/post"}],"author":[{"embeddable":true,"href":"http:\/\/www.elenacabrera.com\/weblog3\/wp-json\/wp\/v2\/users\/1"}],"replies":[{"embeddable":true,"href":"http:\/\/www.elenacabrera.com\/weblog3\/wp-json\/wp\/v2\/comments?post=2002613"}],"version-history":[{"count":0,"href":"http:\/\/www.elenacabrera.com\/weblog3\/wp-json\/wp\/v2\/posts\/2002613\/revisions"}],"wp:attachment":[{"href":"http:\/\/www.elenacabrera.com\/weblog3\/wp-json\/wp\/v2\/media?parent=2002613"}],"wp:term":[{"taxonomy":"category","embeddable":true,"href":"http:\/\/www.elenacabrera.com\/weblog3\/wp-json\/wp\/v2\/categories?post=2002613"},{"taxonomy":"post_tag","embeddable":true,"href":"http:\/\/www.elenacabrera.com\/weblog3\/wp-json\/wp\/v2\/tags?post=2002613"}],"curies":[{"name":"wp","href":"https:\/\/api.w.org\/{rel}","templated":true}]}}