{"id":2002623,"date":"2012-11-22T23:42:56","date_gmt":"2012-11-22T22:42:56","guid":{"rendered":""},"modified":"2012-11-22T23:44:17","modified_gmt":"2012-11-22T22:44:17","slug":"pan-con-nocilla","status":"publish","type":"post","link":"http:\/\/www.elenacabrera.com\/weblog3\/2012\/11\/22\/pan-con-nocilla\/","title":{"rendered":"Pan con Nocilla"},"content":{"rendered":"<p>Es dif\u00edcil abarcarlo todo y blablabl\u00e1. Tiene cierta gracia que la frase esta nos la dicen m\u00e1s de lo que la decimos. Pero nos la dicen con tono condescendiente, con el tono de que nos comprenden, con el tono ese de que saben lo que nos dicen porque a ellos tambi\u00e9n les pasa. As\u00ed que podr\u00edan dec\u00edrselo a ellos mismos. Es decir, me lo podr\u00eda decir a m\u00ed misma: es d\u00edfcil abarcarlo todo. Pero no va a ser as\u00ed. No me lo digo porque yo lo quiero todo.<\/p>\n<p>Yo quiero tener un sello, quiero ir a los debates que me invitan, quiero escribir todos los art\u00edculos que me encargan, quiero hacer propeustas a todos los medios que me entreabren sus puertas, quiero quedar con todo el mundo al que le digo de quedar y quiero escribir todos esos emails pendientes. Tambi\u00e9n quiero charlar con mi novio mientras tomamos el desayuno y jugar con mi hija a que somos robots a la hora en la que deber\u00eda hacer la comida. Que todo va a salir medio mal ya lo s\u00e9 yo antes de que venga aquel a decirme que no lo puedo abarcar todo y blablabl\u00e1.<\/p>\n<p>Me quedo con la sensaci\u00f3n de que no hago las cosas m\u00e1s importantes sino las que parece que son m\u00e1s urgentes. Y las hago mal. Y blablabl\u00e1.<\/p>\n<p>Ayer habl\u00e9 con un hombre a quien su empresa le debe m\u00e1s de 120.000 euros. No ha cobrado dos n\u00f3minas ni multitud de horas extras. Por supuesto, ha perdido el piso al dejar de pagar la hipoteca. Su suegra se fue a otro sitio y les dej\u00f3 su casa para vivir. Hace un a\u00f1o que dej\u00f3 de pagar las letras del coche y est\u00e1 esperando que se lo embarguen en cualquier momento. La empresa le tiene en casa, ni le paga ni le despide. Ha denunciado todo lo denunciable. Antes compraba cada d\u00eda dos barras de pan, ahora ninguna. Su hija de cuatro a\u00f1os le pidi\u00f3 el otro d\u00eda un bocadillo de Nocilla para merendar. Es m\u00e1s triste que lo del piso y lo del coche tener que decirle a tu hija de cuatro a\u00f1os que no hay ni pan ni Nocilla.<\/p>\n","protected":false},"excerpt":{"rendered":"<p>Es dif\u00edcil abarcarlo todo y blablabl\u00e1. Tiene cierta gracia que la frase esta nos la dicen m\u00e1s de lo que la decimos. Pero nos la dicen con tono condescendiente, con el tono de que nos comprenden, con el tono ese de que saben lo que nos dicen porque a ellos tambi\u00e9n les pasa. As\u00ed que [&hellip;]<\/p>\n","protected":false},"author":1,"featured_media":0,"comment_status":"open","ping_status":"open","sticky":false,"template":"","format":"standard","meta":{"footnotes":""},"categories":[],"tags":[],"class_list":["post-2002623","post","type-post","status-publish","format-standard","hentry"],"_links":{"self":[{"href":"http:\/\/www.elenacabrera.com\/weblog3\/wp-json\/wp\/v2\/posts\/2002623","targetHints":{"allow":["GET"]}}],"collection":[{"href":"http:\/\/www.elenacabrera.com\/weblog3\/wp-json\/wp\/v2\/posts"}],"about":[{"href":"http:\/\/www.elenacabrera.com\/weblog3\/wp-json\/wp\/v2\/types\/post"}],"author":[{"embeddable":true,"href":"http:\/\/www.elenacabrera.com\/weblog3\/wp-json\/wp\/v2\/users\/1"}],"replies":[{"embeddable":true,"href":"http:\/\/www.elenacabrera.com\/weblog3\/wp-json\/wp\/v2\/comments?post=2002623"}],"version-history":[{"count":0,"href":"http:\/\/www.elenacabrera.com\/weblog3\/wp-json\/wp\/v2\/posts\/2002623\/revisions"}],"wp:attachment":[{"href":"http:\/\/www.elenacabrera.com\/weblog3\/wp-json\/wp\/v2\/media?parent=2002623"}],"wp:term":[{"taxonomy":"category","embeddable":true,"href":"http:\/\/www.elenacabrera.com\/weblog3\/wp-json\/wp\/v2\/categories?post=2002623"},{"taxonomy":"post_tag","embeddable":true,"href":"http:\/\/www.elenacabrera.com\/weblog3\/wp-json\/wp\/v2\/tags?post=2002623"}],"curies":[{"name":"wp","href":"https:\/\/api.w.org\/{rel}","templated":true}]}}