{"id":2002640,"date":"2013-01-21T17:47:31","date_gmt":"2013-01-21T15:47:31","guid":{"rendered":""},"modified":"2019-05-25T20:02:28","modified_gmt":"2019-05-25T18:02:28","slug":"en-ocasiones-soy-machista","status":"publish","type":"post","link":"http:\/\/www.elenacabrera.com\/weblog3\/2013\/01\/21\/en-ocasiones-soy-machista\/","title":{"rendered":"En ocasiones soy machista"},"content":{"rendered":"<p>Estoy muy contenta de que <a href=\"http:\/\/www.diagonalperiodico.net\/culturas\/machismo-gafasta.html\">hayamos abierto el mel\u00f3n<\/a>, pero espero que no s\u00f3lo para catarlo. Empezar a hablar con perspectiva de g\u00e9nero de la cultura y en especial de la m\u00fasica que creamos y consumimos es dif\u00edcil porque hay muchos posibles interlocutores que no quieren entrar en esta conversaci\u00f3n, ya que piensan que no hay ninguna conversaci\u00f3n a tener. No ven el tema.<\/p>\n<p>Les entiendo, yo tampoco lo ve\u00eda con 20 a\u00f1os, en 1995. Cuando en ese a\u00f1o me preguntaban si me sent\u00eda discriminada por ser mujer en un mundo de hombres contestaba que no. Y hoy seguir\u00eda contestando que no. Pero hoy entiendo que la discriminaci\u00f3n est\u00e1 en la posibilidad de esa pregunta. Y mientras esa pregunta siga siendo posible, seguir\u00e9 estando discriminada por ser mujer, aunque yo no me sienta as\u00ed.<\/p>\n<p>Ser una consumidora glotona de cultura (esencialmente popular, yo no soy acad\u00e9mica) me transforma. Me ha construido golpe tras golpe. Leer, tragar con sangre las letras de <strong>Morrissey<\/strong> o <strong>Martin Gore <\/strong>no s\u00f3lo me han complementado sino que me han explicado, me han ubicado mejor en el mundo y me han hecho sentir menos sola, en relaci\u00f3n a los que escribieron y en relaci\u00f3n a oros que escucharon y se sintieron igual. Esta comprensi\u00f3n explica, por ejemplo, que yo encontrara a <strong>Alberto Monreal<\/strong> en mi vida y le amara como semejante, desdichado semejante, supongo, arrogante desdichado semejante.<\/p>\n<p>Pues muy bien \u00bfno? No. No es suficiente. Diez a\u00f1os despu\u00e9s tengo 30 a\u00f1os y es el a\u00f1o 2005 y hace ya mucho que no me parece suficiente. Me cans\u00e9 de ser una mujer en un mundo de hombres, me hart\u00e9 de <em>ser muy como los chicos<\/em>, de <em>no parecer una chica<\/em>, de <strong>cambiar el g\u00e9nero a las canciones y ver c\u00f3mo cojeaban<\/strong>. Todos esos yo, yo, yo de las canciones pop son hombres a las que les pasan cosas que generalmente les pasan a los hombres y todas esas cosas que me hab\u00edan pasado a mis 20 y a mis 30 no estaban escritas en las canciones que yo escuchaba. <strong>Por mucho que sienta como siente Martin Gore, a \u00e9l no le pasan las cosas que me pasan a m\u00ed<\/strong>.<\/p>\n<p>Y de eso es de lo que hablo cuando hablo de machismo. Hablo del discurso de una narraci\u00f3n masculina onmipresente sobre todas las dem\u00e1s narraciones: m\u00e1s visible, m\u00e1s elevada, m\u00e1s contada y recontada, tuiteada y favoriteada.<\/p>\n<p>Para encontrar las narraciones de las cosas que me pasan a m\u00ed como mujer tengo que escarbar mucho m\u00e1s que cuando pensaba que el g\u00e9nero no era importante, conformarme a veces con estilos que no me gustan, aceptar que no lo encontrar\u00e9 en la portada de una revista o en la homepage de una web: <strong>no ser\u00e1n las m\u00e1s visibles ni las m\u00e1s importantes<\/strong>.<\/p>\n<p><strong>\u00bfNo es acaso machista aceptar que el mundo ha de seguir funcionando de esta manera?<\/strong> Cada d\u00eda que me conformo con lo tengo, es un d\u00eda en el que he vuelto a ser una machista m\u00e1s.<\/p>\n<p>Yo lo admito, <a href=\"https:\/\/twitter.com\/rockdelux\/status\/292616377624326144\" target=\"_blank\" rel=\"noopener noreferrer\">los que quieren cerrar el mel\u00f3n una vez abierto<\/a>, no.<\/p>\n<p style=\"padding-left: 30px;\"><strong>Lecturas:<\/strong><br \/>\nEs pol\u00edtica si yo lo digo (mi columna en Playground): <a href=\"http:\/\/www.playgroundmag.net\/musica\/articulos-de-musica\/columnas-musicales\/moratones-del-machismo-cultural\" target=\"_blank\" rel=\"noopener noreferrer\">Moratones de machismo cultural<\/a><br \/>\n<a href=\"http:\/\/www.diagonalperiodico.net\/culturas\/machismo-gafasta.html\" target=\"_blank\" rel=\"noopener noreferrer\">Machismo gafapasta<\/a>. Art\u00edculo de autor\u00eda colectiva en Diagonal.<br \/>\n<a href=\"http:\/\/www.sigueleyendo.es\/durante-mucho-tiempo-quise-ser-visible\/\" target=\"_blank\" rel=\"noopener noreferrer\">Durante mucho tiempo quise ser visible<\/a>. Luc\u00eda Lijtmaer.<br \/>\n<a href=\"http:\/\/pablom.megustaescribir.com\/2013\/01\/21\/machismo-musicado\/\" target=\"_blank\" rel=\"noopener noreferrer\">Machismo (musicado)<\/a>. Pablo Mu\u00f1oz.<br \/>\n<a href=\"http:\/\/francisconixon.blogspot.com.es\/2013\/01\/machismo-gafapasta.html\">Machismo gafapasta<\/a>. Francisco Nixon.<br \/>\n<a href=\"http:\/\/fuckmeimtwee.blogspot.com.es\/2013\/01\/40-machismo-indie-perdiendo-tiempo-en.html\">Machismo indie: perdiendo el tiempo en las cosas que nos importan<\/a>. C\u00f3mo se gest\u00f3 el art\u00edculo de Diagonal. Marta G. Franco.<br \/>\n<a href=\"http:\/\/www.carolinavelasco.net\/blog\/2013\/01\/19\/la-polemica-del-dia-el-machismo-en-el-indie\/\">La pol\u00e9mica del d\u00eda: el machismo en el indie<\/a>. Carolina Velasco.<br \/>\n<a href=\"http:\/\/joserosales.es\/el-gran-cisma-cultural-de-nuestra-generacion-por-que-no-leemos-a-mujeres\/\">El gran cisma cultural de nuestro tiempo: \u00bfpor qu\u00e9 no leemos a las mujeres?<\/a> Jos\u00e9 Rosales.<br \/>\n<a href=\"http:\/\/blogs.zemos98.org\/carolinkfingers\/2013\/01\/22\/no-veas-como-duele-cuando-se-rompe-el-relato\/\">No veas c\u00f3mo duele cuando se rompe el relato<\/a>. Carolina Le\u00f3n.<br \/>\n<a href=\"http:\/\/srasquehablandemusica.wordpress.com\/\">Se\u00f1oras que hablan de m\u00fasica. Sexismo cotidiano en la m\u00fasica pop<\/a>. Blog colectivo.<\/p>\n<p><iframe loading=\"lazy\" src=\"http:\/\/player.vimeo.com\/video\/51732600?title=0&amp;byline=0&amp;portrait=0&amp;color=35b81d\" webkitallowfullscreen=\"\" mozallowfullscreen=\"\" allowfullscreen=\"\" width=\"500\" height=\"281\" frameborder=\"0\"><\/iframe><\/p>\n<p><a href=\"http:\/\/vimeo.com\/51732600\">Amanda Palmer &amp; The Grand Theft Orchestra \u201cDo It With a Rockstar\u201d (FULL UNCENSORED &#8211; NSFW)<\/a> from <a href=\"http:\/\/vimeo.com\/amandapalmer\">Amanda Palmer<\/a> on <a href=\"http:\/\/vimeo.com\">Vimeo<\/a>.<\/p>\n","protected":false},"excerpt":{"rendered":"<p>Estoy muy contenta de que hayamos abierto el mel\u00f3n, pero espero que no s\u00f3lo para catarlo. Empezar a hablar con perspectiva de g\u00e9nero de la cultura y en especial de la m\u00fasica que creamos y consumimos es dif\u00edcil porque hay muchos posibles interlocutores que no quieren entrar en esta conversaci\u00f3n, ya que piensan que no [&hellip;]<\/p>\n","protected":false},"author":1,"featured_media":0,"comment_status":"open","ping_status":"open","sticky":false,"template":"","format":"standard","meta":{"footnotes":""},"categories":[2],"tags":[],"class_list":["post-2002640","post","type-post","status-publish","format-standard","hentry","category-twentytwentyfive"],"_links":{"self":[{"href":"http:\/\/www.elenacabrera.com\/weblog3\/wp-json\/wp\/v2\/posts\/2002640","targetHints":{"allow":["GET"]}}],"collection":[{"href":"http:\/\/www.elenacabrera.com\/weblog3\/wp-json\/wp\/v2\/posts"}],"about":[{"href":"http:\/\/www.elenacabrera.com\/weblog3\/wp-json\/wp\/v2\/types\/post"}],"author":[{"embeddable":true,"href":"http:\/\/www.elenacabrera.com\/weblog3\/wp-json\/wp\/v2\/users\/1"}],"replies":[{"embeddable":true,"href":"http:\/\/www.elenacabrera.com\/weblog3\/wp-json\/wp\/v2\/comments?post=2002640"}],"version-history":[{"count":1,"href":"http:\/\/www.elenacabrera.com\/weblog3\/wp-json\/wp\/v2\/posts\/2002640\/revisions"}],"predecessor-version":[{"id":2002002573,"href":"http:\/\/www.elenacabrera.com\/weblog3\/wp-json\/wp\/v2\/posts\/2002640\/revisions\/2002002573"}],"wp:attachment":[{"href":"http:\/\/www.elenacabrera.com\/weblog3\/wp-json\/wp\/v2\/media?parent=2002640"}],"wp:term":[{"taxonomy":"category","embeddable":true,"href":"http:\/\/www.elenacabrera.com\/weblog3\/wp-json\/wp\/v2\/categories?post=2002640"},{"taxonomy":"post_tag","embeddable":true,"href":"http:\/\/www.elenacabrera.com\/weblog3\/wp-json\/wp\/v2\/tags?post=2002640"}],"curies":[{"name":"wp","href":"https:\/\/api.w.org\/{rel}","templated":true}]}}