{"id":2002665,"date":"2013-03-15T18:43:15","date_gmt":"2013-03-15T17:43:15","guid":{"rendered":""},"modified":"2013-10-29T12:12:55","modified_gmt":"2013-10-29T11:12:55","slug":"la-memoria-de-los-nietos-de-la-derrota","status":"publish","type":"post","link":"http:\/\/www.elenacabrera.com\/weblog3\/2013\/03\/15\/la-memoria-de-los-nietos-de-la-derrota\/","title":{"rendered":"La memoria de los nietos de la derrota"},"content":{"rendered":"<p style=\"text-align: center;\"><img loading=\"lazy\" decoding=\"async\" class=\"aligncenter\" style=\"border: 2px solid black;\" src=\"https:\/\/lh3.googleusercontent.com\/-HRVgOvC3-bg\/UUMU0MmbAxI\/AAAAAAAAAmA\/vkGWEn9x38Y\/w706-h714-p-o-k\/raimundo_1.jpg\" alt=\"\" width=\"706\" height=\"714\" \/><\/p>\n<p style=\"text-align: left;\">Se suelen dedicar los libros pero yo, que escribo m\u00e1s corto, tendr\u00e9 que dedicar un art\u00edculo:<a href=\"http:\/\/www.eldiario.es\/sociedad\/Segundo-enterramiento-Memoria-Historica_0_110239847.html\"> Segundo enterramiento de la Memoria Hist\u00f3rica<\/a><\/p>\n<p><img loading=\"lazy\" decoding=\"async\" class=\"alignleft\" style=\"margin: 5px;\" src=\"https:\/\/lh5.googleusercontent.com\/-LnCrimPlkA8\/UUMU0Fr5GDI\/AAAAAAAAAl8\/UVcGmN4w_eE\/w217-h321-p-o-k\/raimundo_y_sagrario.jpg\" alt=\"\" width=\"217\" height=\"321\" \/><\/p>\n<p>Dedico este art\u00edculo a Raimundo Cabrera, mi abuelo, al que no conoc\u00ed. Y a mi padre, Luis Cabrera, quien tampoco lo conoci\u00f3. Raimundo Cabrera muri\u00f3 fusilado en una cuneta <a href=\"http:\/\/www.foroporlamemoria.info\/documentos\/2005\/toledo_relacion_abril2005.htm\">en 1936<\/a> tras haber sido detenido y encarcelado durante un tiempo. Nunca supe si mi abuelo fue un republicano destacado pero siempre intu\u00ed que no, pues se hab\u00eda casado con una mujer de una pr\u00f3spera familia toledana m\u00e1s de derechas que de izquierdas, Sagrario Bertol\u00edn.<\/p>\n<p>Raimundo trabajaba de camarero en un bar donde se reun\u00edan republicanos (y ahora pienso, durante la Rep\u00fablica, al fin y al cabo en qu\u00e9 bar no se reun\u00edan republicanos; s\u00f3lo aquellos donde a escondidas conspiraran los sublevados, supongo). E imagino, todo son supusiciones en una historia que me lleg\u00f3 sin detalles, escondida, mal valorada, que a Raimundo le mataron m\u00e1s por lo que sab\u00eda que por lo que hac\u00eda. Y no s\u00e9 nada m\u00e1s.<\/p>\n<p>Mi abuelo sigue vivo en el segundo nombre de mi hermano y en la quebradiza herencia de mi memoria. La memoria de los nietos de la derrota.<\/p>\n","protected":false},"excerpt":{"rendered":"<p>Se suelen dedicar los libros pero yo, que escribo m\u00e1s corto, tendr\u00e9 que dedicar un art\u00edculo: Segundo enterramiento de la Memoria Hist\u00f3rica Dedico este art\u00edculo a Raimundo Cabrera, mi abuelo, al que no conoc\u00ed. Y a mi padre, Luis Cabrera, quien tampoco lo conoci\u00f3. Raimundo Cabrera muri\u00f3 fusilado en una cuneta en 1936 tras haber [&hellip;]<\/p>\n","protected":false},"author":1,"featured_media":0,"comment_status":"open","ping_status":"open","sticky":false,"template":"","format":"standard","meta":{"footnotes":""},"categories":[],"tags":[],"class_list":["post-2002665","post","type-post","status-publish","format-standard","hentry"],"_links":{"self":[{"href":"http:\/\/www.elenacabrera.com\/weblog3\/wp-json\/wp\/v2\/posts\/2002665","targetHints":{"allow":["GET"]}}],"collection":[{"href":"http:\/\/www.elenacabrera.com\/weblog3\/wp-json\/wp\/v2\/posts"}],"about":[{"href":"http:\/\/www.elenacabrera.com\/weblog3\/wp-json\/wp\/v2\/types\/post"}],"author":[{"embeddable":true,"href":"http:\/\/www.elenacabrera.com\/weblog3\/wp-json\/wp\/v2\/users\/1"}],"replies":[{"embeddable":true,"href":"http:\/\/www.elenacabrera.com\/weblog3\/wp-json\/wp\/v2\/comments?post=2002665"}],"version-history":[{"count":0,"href":"http:\/\/www.elenacabrera.com\/weblog3\/wp-json\/wp\/v2\/posts\/2002665\/revisions"}],"wp:attachment":[{"href":"http:\/\/www.elenacabrera.com\/weblog3\/wp-json\/wp\/v2\/media?parent=2002665"}],"wp:term":[{"taxonomy":"category","embeddable":true,"href":"http:\/\/www.elenacabrera.com\/weblog3\/wp-json\/wp\/v2\/categories?post=2002665"},{"taxonomy":"post_tag","embeddable":true,"href":"http:\/\/www.elenacabrera.com\/weblog3\/wp-json\/wp\/v2\/tags?post=2002665"}],"curies":[{"name":"wp","href":"https:\/\/api.w.org\/{rel}","templated":true}]}}