{"id":2002686,"date":"2013-04-19T23:08:58","date_gmt":"2013-04-19T22:08:58","guid":{"rendered":""},"modified":"2017-08-22T14:21:48","modified_gmt":"2017-08-22T12:21:48","slug":"dia-de-las-tiendas-de-discos-madrid-dtd2013-autoreverse","status":"publish","type":"post","link":"http:\/\/www.elenacabrera.com\/weblog3\/2013\/04\/19\/dia-de-las-tiendas-de-discos-madrid-dtd2013-autoreverse\/","title":{"rendered":"D\u00eda de las Tiendas de Discos Madrid #DTD2013 Autoreverse har\u00e1 algo como Dios manda"},"content":{"rendered":"<p><a href=\"http:\/\/www.autoreverse.es\">Autoreverse<\/a> participa ma\u00f1ana en el <a href=\"http:\/\/eldiadelastiendasdediscos.tumblr.com\/\">D\u00eda de las Tiendas de Discos<\/a>, la celebraci\u00f3n independiente del Record Store Day. Quiz\u00e1s has visto la programaci\u00f3n y no te suena. No llegamos a tiempo para <a href=\"http:\/\/eldiadelastiendasdediscos.tumblr.com\/image\/48202554965\">los carteles<\/a>, nos decidimos en el \u00faltimo momento, Autoreverse y <a href=\"http:\/\/www.raraavisstore.com\/\">Rara Avis<\/a>, a participar como sello y <a href=\"http:\/\/eldiadelastiendasdediscos.tumblr.com\/post\/48061274917\/rara-avis\">tienda<\/a> respectivamente y presentar ma\u00f1ana 20 de abril el recopilatorio digital <em><a href=\"http:\/\/bit.ly\/mandados\">Canciones como Dios manda<\/a><\/em>. Este s\u00e1bado 20 de abril a las 18:00 tocar\u00e1n Ra\u00fal Querido, Vadim Tudor y Aldo Linares. En las celebraciones de Barcelona, El Giro Org\u00e1nico har\u00e1 un showcase en el Apolo Store (Nou de la Rambla, 107) a las 21:30.<\/p>\n<p style=\"text-align: center;\"><a title=\"Flyer presentaci\u00f3n Canciones como Dios manda en Rara Avis por Autoreverse2013, en Flickr\" href=\"http:\/\/www.flickr.com\/photos\/autoreverse2\/8663170233\/\"><img loading=\"lazy\" decoding=\"async\" class=\"aligncenter\" src=\"http:\/\/farm9.staticflickr.com\/8251\/8663170233_046c2048a5_z.jpg\" alt=\"Flyer presentaci\u00f3n Canciones como Dios manda en Rara Avis\" width=\"414\" height=\"640\" \/><\/a><\/p>\n<p>Hace muchos a\u00f1os estuve planificando un recopilatorio en Autoreverse que llevar\u00eda el nombre de Songs for the dream times, una continuaci\u00f3n del Songs for the blue times pero menos triste y m\u00e1s enso\u00f1ador. Al final, no quise hacerlo. Juanjo el R\u00e1pido, con la efectividad de su apellido, en cambio, s\u00ed dibuj\u00f3 la portada, que qued\u00f3 archivada en la carpeta de los sue\u00f1os abandonados.<\/p>\n<p>Har\u00e1 un a\u00f1o, quiz\u00e1 m\u00e1s, que recuper\u00e9 la idea de hacer un recopilatorio de canciones que Autoreverse querr\u00eda editar, que ayudan a definir la m\u00fasica que me gusta a m\u00ed y a mi sello pero que, por razones obvias, yo no puedo editar. Pero me gustar\u00eda hacerlo. As\u00edq ue algo de dreamy s\u00ed que tiene. Pero la enso\u00f1aci\u00f3n acaba ah\u00ed, porque este es un disco muy real. Recordar\u00e9is que <a href=\"http:\/\/www.elmundo.es\/elmundo\/2011\/10\/15\/espana\/1318680134.html\">Rajoy anunci\u00f3 una pol\u00edtica econ\u00f3mica \u00abcomo Dios manda\u00bb<\/a>. Yo no s\u00e9r\u00e9 menos, as\u00ed que anuncio aqu\u00ed una recopilaci\u00f3n de canciones como Dios manda.<\/p>\n<p><a title=\"Vi\u00f1eta de Manel Fontdevila publicada en Eldiario.es el 1 de agosto e 2012 por Autoreverse2013, en Flickr\" href=\"http:\/\/www.flickr.com\/photos\/autoreverse2\/8664359542\/\"><img loading=\"lazy\" decoding=\"async\" src=\"http:\/\/farm9.staticflickr.com\/8252\/8664359542_df50ea0432.jpg\" alt=\"Vi\u00f1eta de Manel Fontdevila publicada en Eldiario.es el 1 de agosto e 2012\" width=\"500\" height=\"311\" \/><\/a><\/p>\n<p>Aqu\u00ed se dicen las cosas de manera descarnada, todo tipo de cosas. Las que gustan y las que no gustan. Hay ruido. Hay rumor. Hay todo tipo de hostias.  Hay belleza. Hay sarcasmo. Hay punk, prepunk y pospunk. Hay cierto rollo goth del que no se estila ya ni en Cuenca. Hay mec\u00e1nica, justicia, pol\u00edtica y l\u00edrica.<\/p>\n<p><a title=\"Canciones como Dios manda por Autoreverse2013, en Flickr\" href=\"http:\/\/www.flickr.com\/photos\/autoreverse2\/8664176948\/\"><img loading=\"lazy\" decoding=\"async\" src=\"http:\/\/farm9.staticflickr.com\/8262\/8664176948_7324be0e8c.jpg\" alt=\"Canciones como Dios manda\" width=\"500\" height=\"500\" \/><\/a><\/p>\n<p>El dibujo original de Juanjo el R\u00e1pido ha sido rescatado por Philip Morris, que lo ha transformado para pasar del aire dreampop del original al toque postpunk religioso de este disco.<\/p>\n","protected":false},"excerpt":{"rendered":"<p>Autoreverse participa ma\u00f1ana en el D\u00eda de las Tiendas de Discos, la celebraci\u00f3n independiente del Record Store Day. Quiz\u00e1s has visto la programaci\u00f3n y no te suena. No llegamos a tiempo para los carteles, nos decidimos en el \u00faltimo momento, Autoreverse y Rara Avis, a participar como sello y tienda respectivamente y presentar ma\u00f1ana 20 [&hellip;]<\/p>\n","protected":false},"author":1,"featured_media":0,"comment_status":"open","ping_status":"open","sticky":false,"template":"","format":"standard","meta":{"footnotes":""},"categories":[],"tags":[],"class_list":["post-2002686","post","type-post","status-publish","format-standard","hentry"],"_links":{"self":[{"href":"http:\/\/www.elenacabrera.com\/weblog3\/wp-json\/wp\/v2\/posts\/2002686","targetHints":{"allow":["GET"]}}],"collection":[{"href":"http:\/\/www.elenacabrera.com\/weblog3\/wp-json\/wp\/v2\/posts"}],"about":[{"href":"http:\/\/www.elenacabrera.com\/weblog3\/wp-json\/wp\/v2\/types\/post"}],"author":[{"embeddable":true,"href":"http:\/\/www.elenacabrera.com\/weblog3\/wp-json\/wp\/v2\/users\/1"}],"replies":[{"embeddable":true,"href":"http:\/\/www.elenacabrera.com\/weblog3\/wp-json\/wp\/v2\/comments?post=2002686"}],"version-history":[{"count":1,"href":"http:\/\/www.elenacabrera.com\/weblog3\/wp-json\/wp\/v2\/posts\/2002686\/revisions"}],"predecessor-version":[{"id":2002002130,"href":"http:\/\/www.elenacabrera.com\/weblog3\/wp-json\/wp\/v2\/posts\/2002686\/revisions\/2002002130"}],"wp:attachment":[{"href":"http:\/\/www.elenacabrera.com\/weblog3\/wp-json\/wp\/v2\/media?parent=2002686"}],"wp:term":[{"taxonomy":"category","embeddable":true,"href":"http:\/\/www.elenacabrera.com\/weblog3\/wp-json\/wp\/v2\/categories?post=2002686"},{"taxonomy":"post_tag","embeddable":true,"href":"http:\/\/www.elenacabrera.com\/weblog3\/wp-json\/wp\/v2\/tags?post=2002686"}],"curies":[{"name":"wp","href":"https:\/\/api.w.org\/{rel}","templated":true}]}}