{"id":2002696,"date":"2013-04-26T09:43:21","date_gmt":"2013-04-26T08:43:21","guid":{"rendered":""},"modified":"2013-04-26T09:43:21","modified_gmt":"2013-04-26T08:43:21","slug":"lo-que-el-futuro-no-es","status":"publish","type":"post","link":"http:\/\/www.elenacabrera.com\/weblog3\/2013\/04\/26\/lo-que-el-futuro-no-es\/","title":{"rendered":"Lo que el Futuro no es"},"content":{"rendered":"<p>Todos estos a\u00f1os que venimos cumpliendo desde el a\u00f1o 2000 son de supervivencia. Al ir a fechar un documento me he sorprendido escribiendo un 13 al final del a\u00f1o. Quiere decir que ya son 13 a\u00f1os sobreviviendo de m\u00e1s. Si a nosotros, los j\u00f3venes finiseculares no nos hubieran inculcado nuestros mayores esa fascinaci\u00f3n y mito por el a\u00f1o 2000 y sus tintes apocal\u00edpticos, nos hubiera sido m\u00e1s f\u00e1cil seguir viviendo, en lugar de sobreviviendo.<\/p>\n<p>En las dos \u00faltimas d\u00e9cadas del siglo pasado todo tipo de productos se llamaban 2000. Una inmobiliaria, un modelo de zapatilla, un vag\u00f3n de metro, una papeler\u00eda, una cat\u00e1strofe inform\u00e1tica. El Futuro se llamaba 2000. Y, tras 2000, no hab\u00eda nada, 2001 era una pel\u00edcula antigua, no exist\u00eda m\u00e1s all\u00e1.<\/p>\n<p>Quiz\u00e1s motivada por la intuici\u00f3n de estar llegando al borde, me mud\u00e9 a otra ciudad en 1999. Pero regres\u00e9 a Madrid en 2000, cuando el peligro del fin del mundo parec\u00eda haberse superado. Como si el apocalipsis s\u00f3lo pudiera suceder en Madrid.<\/p>\n<p><iframe loading=\"lazy\" width=\"480\" height=\"360\" src=\"http:\/\/www.youtube.com\/embed\/jL4natE3nEg?rel=0\" frameborder=\"0\" allowfullscreen><\/iframe><\/p>\n<p>Dicen que esta tarde llover\u00e1.<\/p>\n","protected":false},"excerpt":{"rendered":"<p>Todos estos a\u00f1os que venimos cumpliendo desde el a\u00f1o 2000 son de supervivencia. Al ir a fechar un documento me he sorprendido escribiendo un 13 al final del a\u00f1o. Quiere decir que ya son 13 a\u00f1os sobreviviendo de m\u00e1s. Si a nosotros, los j\u00f3venes finiseculares no nos hubieran inculcado nuestros mayores esa fascinaci\u00f3n y mito [&hellip;]<\/p>\n","protected":false},"author":1,"featured_media":0,"comment_status":"open","ping_status":"open","sticky":false,"template":"","format":"standard","meta":{"footnotes":""},"categories":[],"tags":[],"class_list":["post-2002696","post","type-post","status-publish","format-standard","hentry"],"_links":{"self":[{"href":"http:\/\/www.elenacabrera.com\/weblog3\/wp-json\/wp\/v2\/posts\/2002696","targetHints":{"allow":["GET"]}}],"collection":[{"href":"http:\/\/www.elenacabrera.com\/weblog3\/wp-json\/wp\/v2\/posts"}],"about":[{"href":"http:\/\/www.elenacabrera.com\/weblog3\/wp-json\/wp\/v2\/types\/post"}],"author":[{"embeddable":true,"href":"http:\/\/www.elenacabrera.com\/weblog3\/wp-json\/wp\/v2\/users\/1"}],"replies":[{"embeddable":true,"href":"http:\/\/www.elenacabrera.com\/weblog3\/wp-json\/wp\/v2\/comments?post=2002696"}],"version-history":[{"count":0,"href":"http:\/\/www.elenacabrera.com\/weblog3\/wp-json\/wp\/v2\/posts\/2002696\/revisions"}],"wp:attachment":[{"href":"http:\/\/www.elenacabrera.com\/weblog3\/wp-json\/wp\/v2\/media?parent=2002696"}],"wp:term":[{"taxonomy":"category","embeddable":true,"href":"http:\/\/www.elenacabrera.com\/weblog3\/wp-json\/wp\/v2\/categories?post=2002696"},{"taxonomy":"post_tag","embeddable":true,"href":"http:\/\/www.elenacabrera.com\/weblog3\/wp-json\/wp\/v2\/tags?post=2002696"}],"curies":[{"name":"wp","href":"https:\/\/api.w.org\/{rel}","templated":true}]}}