{"id":2002743,"date":"2013-09-01T01:25:49","date_gmt":"2013-09-01T00:25:49","guid":{"rendered":""},"modified":"2013-09-01T02:31:35","modified_gmt":"2013-09-01T01:31:35","slug":"volver-a-lo-basico","status":"publish","type":"post","link":"http:\/\/www.elenacabrera.com\/weblog3\/2013\/09\/01\/volver-a-lo-basico\/","title":{"rendered":"Volver a lo b\u00e1sico"},"content":{"rendered":"<p>No pod\u00eda dormir, o no quer\u00eda dormir, y ten\u00eda ganas de romper algo. Miraba el m\u00f3vil en mi mano y, aunque era tentador, sab\u00eda que me arrepentir\u00eda si lo arrojaba contra la pared, a pesar de que disfrutar\u00eda transmitiendo fuerza a mi antebrazo y abriendo la mano, con alg\u00fan gesto un poco teatral, algo exagerado.<\/p>\n<p><!--more--><\/p>\n<p>Luego se me ha ocurrido venir a romper esto. Ten\u00eda ganas de borrarlo todo. \u00bfPara qu\u00e9 sirve un blog cuyas \u00faltimas tres entradas fueron escritas en abril, mayo y agosto? Adem\u00e1s, ya reconoc\u00ed en la \u00faltima de ellas que <a href=\"http:\/\/www.elenacabrera.com\/weblog\/verano-muerto\/\" target=\"_self\">no ten\u00eda mucho que decir<\/a>. Si yo fuera una de esas mujeres de cuarenta a\u00f1os devotas de lo crafty disfrutar\u00eda de lo lindo con <a href=\"http:\/\/pinterest.com\/elenacabrera\/boards\/\" target=\"_blank\">mis p\u00e1ginas de Pinterest<\/a> y mis amanerados scrapbooks. Y si no tuviera escr\u00fapulos ahogar\u00eda mi necesidad de decir algo, lo que sea, poniendo me gusta y comentarios chorras en la red social esa que us\u00e1is la mayor\u00eda de vosotras. As\u00ed que como ni lo uno ni lo otro, vengo aqu\u00ed y me pongo a borrar de esta manera cobarde y conservadora: tocando s\u00f3lo la fachada. En el interior, las estanter\u00edas permanecen llenas y no me atrevo a borrar mi pasado. Una terrorista de verdad lo habr\u00eda mandado todo al infierno.<\/p>\n<p><iframe loading=\"lazy\" width=\"420\" height=\"315\" src=\"\/\/www.youtube.com\/embed\/Kje_0RFLYPw?rel=0\" frameborder=\"0\" allowfullscreen><\/iframe> <iframe loading=\"lazy\" width=\"420\" height=\"315\" src=\"\/\/www.youtube.com\/embed\/KfgqcGyK2yA?rel=0\" frameborder=\"0\" allowfullscreen><\/iframe><\/p>\n<p>A pedrada limpia, le he quitado el r\u00f3tulo al blog. \u00abThe Last Dance\u00bb&#8230; me resulta rid\u00edculo. Hace once a\u00f1os llam\u00e9 as\u00ed a mi \u00abweblog\u00bb porque pens\u00e9 que lo m\u00e1s mol\u00f3n era titularlo con una canci\u00f3n. No voy a ocultar que fui de listilla porque sab\u00eda que los lectores dir\u00edan \u00abaaaahhh, como la canci\u00f3n de The Cure\u00bb y yo dir\u00eda que no, que con el The delante, la canci\u00f3n referenciada era la de Disco Inferno, a pesar de que la otra forma parte de <em>Disintegration<\/em>, en realidad, mi disco favorito de los Cure. Ahora s\u00f3lo puedo ver que es una referencia que no le importa a nadie, con el desagradable tonito de ser palabras en ingl\u00e9s.<\/p>\n<p>Me he quedado escuchando <em>The Last Dance<\/em> durante un rato y pensando en los fans de Disco Inferno. Fans a muerte, digo. Yo s\u00f3lo conozco tres, conmigo cuatro. Los fanes de este grupo somos ese tipo de persona tan torpemente alejada de la realidad como SeanMR72, comentarista en el v\u00eddeo de YouTube que he enlazado, y que opina que \u00abdeber\u00edan haber sido n\u00famero 1 durante 20 semanas, en un mundo ideal\u00bb. Me da terror pensar en ese mundo ideal donde alguien considera \u00abperfecci\u00f3n pop\u00bb donde otros ven estorbos r\u00edtmicos, voz regulera y ritmos cansinos. Ian Crause, seg\u00fan tengo entendido, un tipo que no se cree su propio talento. Y <a href=\"http:\/\/pitchfork.com\/news\/48695-listen-ian-crause-of-disco-inferno-shares-first-new-music-in-over-a-decade\/\">ha vuelto<\/a>, por cierto, <a href=\"http:\/\/iancrause.bandcamp.com\/\">publicando en Bandcamp<\/a> hace seis meses nuevos temas de cristal (\u00abperfecci\u00f3n pop\u00bb&#8230; si consigues desentramar sus m\u00faltiples capas de sonido) de tem\u00e1tica anticapitalista y antiimperialista. Muy lejos (trece a\u00f1os) de <a href=\"http:\/\/www.youtube.com\/watch?v=7YFYWMQ5lpY\">Elemental<\/a>.<\/p>\n<p><img loading=\"lazy\" decoding=\"async\" class=\"alignleft\" style=\"margin: 5px;\" src=\"http:\/\/24.media.tumblr.com\/64ba30532021d12c094f6a614c13b5a1\/tumblr_ms7o7oEFFK1rz1rzuo1_r1_1280.png\" alt=\"\" width=\"391\" height=\"357\" \/>Quiero pensar que tengo un infecci\u00f3n de iancrausismo. No tengo nada que decir, lo que quiero decir no lo puedo contar y lo que cuento no le interesa a nadie. Para eso, nos quedamos en casa. O en el pub. Engordando. Como Ian Crause.<\/p>\n<p>Hace no mucho escrib\u00ed un art\u00edculo que yo consideraba necesario (para m\u00ed, para otros) y al parecer no gust\u00f3 a los que deber\u00eda de haber gustado. La gente te recuerda m\u00e1s por los malos art\u00edculos que por los buenos, si es que alguno vuelve a parecer bueno despu\u00e9s de haber firmado uno malo. Hoy es 1 de septiembre y, como prop\u00f3sito para el nuevo curso, me gustar\u00eda escribir un art\u00edculo al d\u00eda. Debido a mi \u00e1nimo de hoy, lo que de verdad deseo es escribir un mal art\u00edculo al d\u00eda, algo que repugne, asquee y provoque el gesto de escupir a la pantalla, de coronar con un salivazo una mierda de texto por el que, al menos, ser recordada.<\/p>\n","protected":false},"excerpt":{"rendered":"<p>No pod\u00eda dormir, o no quer\u00eda dormir, y ten\u00eda ganas de romper algo. Miraba el m\u00f3vil en mi mano y, aunque era tentador, sab\u00eda que me arrepentir\u00eda si lo arrojaba contra la pared, a pesar de que disfrutar\u00eda transmitiendo fuerza a mi antebrazo y abriendo la mano, con alg\u00fan gesto un poco teatral, algo exagerado.<\/p>\n","protected":false},"author":1,"featured_media":0,"comment_status":"open","ping_status":"open","sticky":false,"template":"","format":"standard","meta":{"footnotes":""},"categories":[],"tags":[],"class_list":["post-2002743","post","type-post","status-publish","format-standard","hentry"],"_links":{"self":[{"href":"http:\/\/www.elenacabrera.com\/weblog3\/wp-json\/wp\/v2\/posts\/2002743","targetHints":{"allow":["GET"]}}],"collection":[{"href":"http:\/\/www.elenacabrera.com\/weblog3\/wp-json\/wp\/v2\/posts"}],"about":[{"href":"http:\/\/www.elenacabrera.com\/weblog3\/wp-json\/wp\/v2\/types\/post"}],"author":[{"embeddable":true,"href":"http:\/\/www.elenacabrera.com\/weblog3\/wp-json\/wp\/v2\/users\/1"}],"replies":[{"embeddable":true,"href":"http:\/\/www.elenacabrera.com\/weblog3\/wp-json\/wp\/v2\/comments?post=2002743"}],"version-history":[{"count":0,"href":"http:\/\/www.elenacabrera.com\/weblog3\/wp-json\/wp\/v2\/posts\/2002743\/revisions"}],"wp:attachment":[{"href":"http:\/\/www.elenacabrera.com\/weblog3\/wp-json\/wp\/v2\/media?parent=2002743"}],"wp:term":[{"taxonomy":"category","embeddable":true,"href":"http:\/\/www.elenacabrera.com\/weblog3\/wp-json\/wp\/v2\/categories?post=2002743"},{"taxonomy":"post_tag","embeddable":true,"href":"http:\/\/www.elenacabrera.com\/weblog3\/wp-json\/wp\/v2\/tags?post=2002743"}],"curies":[{"name":"wp","href":"https:\/\/api.w.org\/{rel}","templated":true}]}}