{"id":2002964,"date":"2004-03-15T10:30:12","date_gmt":"2004-03-15T09:30:12","guid":{"rendered":""},"modified":"2019-03-12T00:56:13","modified_gmt":"2019-03-11T22:56:13","slug":"el-locutorio","status":"publish","type":"post","link":"http:\/\/www.elenacabrera.com\/weblog3\/2004\/03\/15\/el-locutorio\/","title":{"rendered":"El locutorio"},"content":{"rendered":"<p><a href=\"http:\/\/www.manuelbartual.com\/\" target=\"blank\">Bartual<\/a> se port\u00f3 grande (\u00a1gracias!) y me hizo las fotos que le ped\u00ed del\u00a0<strong>locutorio \u201cNuevo Siglo\u201d<\/strong> de Tribulete 17, sito en el barrio de Lavapi\u00e9s y a tres minutos de su portal. Este locutorio estaba regentado por uno de los tres marroqu\u00edes detenidos. De paso, hizo tambi\u00e9n esta fotograf\u00eda, tambi\u00e9n en Lavapi\u00e9s:<\/p>\n<p>De\u00a0<strong>J.V. Chuli\u00e1<\/strong> es la siguiente foto realizada con su m?vil y enviada entre otras muchas (todas buenas) de la manifestaci\u00f3n en Valencia durante la jornada de reflexi\u00f3n. (\u00a1Gracias al fot\u00f3grafo y al mensajero!):\u00a0Olvid\u00e9 contar que mi familia tambi\u00e9n me inform\u00f3 que igualmente hubo manifestaci\u00f3n en La Coru\u00f1a frente a la sede del PP.<\/p>\n<p><strong>\u2013<\/strong><\/p>\n<p>En la noche del 10 de marzo\u00a0<a href=\"http:\/\/www.autoreversediscos.com\/thelastdance\/archives\/001052.html\" target=\"blank\">os contaba algo que qued\u00f3 sepultado por el amasijo de hierros reventados en los trenes<\/a>. Apenas estuvo en home unas horas, as\u00ed que lo recupero aqu\u00ed: hoy vuelvo a la radio libre, con un programa en\u00a0<strong>Radio Carcoma<\/strong> que se llama como este blog y como la canci\u00f3n de Disco Inferno, como si fuera un grupo oscuro espa\u00f1ol de la segunda mitad de los ochenta:\u00a0<strong>El \u00daltimo Baile<\/strong>. Y de hoy en adelante, todos los lunes de 19 a 20 h. Repetici\u00f3n a las doce de la noche y a las nueve de la ma?ana del martes.\u00a0<strong>107.9 fm<\/strong>, zona este de Madrid. Esto tambi\u00e9n encaja bien con el t\u00edtulo de este post.<\/p>\n<p><strong>\u2013<\/strong><\/p>\n<p><strong><\/strong>Todo el equipo de \u201cAsesinato en Febrero\u201d ha protestado por la emisi\u00f3n en Televisi\u00f3n Espa\u00f1ola de la pel\u00edcula. Zapatero ya ha dicho esta ma\u00f1ana que est\u00e1 creando una comisi\u00f3n de reforma de la televisi\u00f3n p\u00fablica. Imagino que ah\u00ed estar\u00e1 Carmen Alborch. Por cierto, informaciones (creo que policiales, antes me equivoqu\u00e9 y dije del Mtrio. del Interior) apuntan que uno de los tres detenidos,\u00a0<strong>Jamal Zougam<\/strong>, es tambi\u00e9n uno de los autores materiales. Si os fij\u00e1is en\u00a0<a href=\"http:\/\/www.elec_gen04.mir.es\/congreso\/CGF_TOP.htm\" target=\"blank\">los resultados del escrutinio de los votos al Congreso<\/a> ver\u00e9is que todav\u00eda est\u00e1n al 99,9%. Me entero ahora de que falta por recontar el voto por correo. Ayer los informativos electorales de la televisi\u00f3n terminaron cuando a\u00fan faltaba el 50% del recuento de los votos al Senado. Resulta que en el Senado se ha llevado la mayor\u00eda (y con diferencia) el PP. 102 senadores el PP, 81 el PSOE, 12 para la coalici\u00f3n de izquierdas PSC-ERC-ICV-EUA. \u00bfLa gente vota diferente al Congreso y al Senado? Esto no lo entiendo bien, \u00bfalguien me lo puede explicar? En el PP han asumido que\u00a0<strong>los errores<\/strong> de su gobierno les hubieran llevado a perder la mayor\u00eda absoluta pero que los errores en la gesti\u00f3n de la informaci\u00f3n tras el atentado les han hecho perder las elecciones. Dicen que esos errores han sido producido por\u00a0<strong>la presi\u00f3n del PSOE y de\u00a0<em>\u201cciertos medios de comunicaci\u00f3n<\/em><\/strong><em>\u00ab<\/em>. Se refiere, obvio, a la Cadena SER, la cual ha sido la primera, por cierto, en entrevistar a Zapatero esta ma\u00f1ana a las 9:00 en el Hoy por hoy de I\u00f1aki Gabilondo. Ahora a la claridad informativa se la llama \u201cpresi\u00f3n\u201d.<\/p>\n<p>\u00a1Jarl! El mejor Festival del Humor en los peri\u00f3dicos espa\u00f1oles:\u00a0<a href=\"http:\/\/www.elperiodico.com\/default.asp?idioma=cas\" target=\"blank\">la portada de todas las ediciones de El Peri\u00f3dico<\/a>: ZP con cara de joker y el titular \u201cZapatazo a Aznar y Rajoy\u201d.<\/p>\n","protected":false},"excerpt":{"rendered":"<p>Bartual se port\u00f3 grande (\u00a1gracias!) y me hizo las fotos que le ped\u00ed del\u00a0locutorio \u201cNuevo Siglo\u201d de Tribulete 17, sito en el barrio de Lavapi\u00e9s y a tres minutos de su portal. Este locutorio estaba regentado por uno de los tres marroqu\u00edes detenidos. De paso, hizo tambi\u00e9n esta fotograf\u00eda, tambi\u00e9n en Lavapi\u00e9s: De\u00a0J.V. Chuli\u00e1 es [&hellip;]<\/p>\n","protected":false},"author":1,"featured_media":0,"comment_status":"open","ping_status":"open","sticky":false,"template":"","format":"standard","meta":{"footnotes":""},"categories":[],"tags":[],"class_list":["post-2002964","post","type-post","status-publish","format-standard","hentry"],"_links":{"self":[{"href":"http:\/\/www.elenacabrera.com\/weblog3\/wp-json\/wp\/v2\/posts\/2002964","targetHints":{"allow":["GET"]}}],"collection":[{"href":"http:\/\/www.elenacabrera.com\/weblog3\/wp-json\/wp\/v2\/posts"}],"about":[{"href":"http:\/\/www.elenacabrera.com\/weblog3\/wp-json\/wp\/v2\/types\/post"}],"author":[{"embeddable":true,"href":"http:\/\/www.elenacabrera.com\/weblog3\/wp-json\/wp\/v2\/users\/1"}],"replies":[{"embeddable":true,"href":"http:\/\/www.elenacabrera.com\/weblog3\/wp-json\/wp\/v2\/comments?post=2002964"}],"version-history":[{"count":1,"href":"http:\/\/www.elenacabrera.com\/weblog3\/wp-json\/wp\/v2\/posts\/2002964\/revisions"}],"predecessor-version":[{"id":2002002379,"href":"http:\/\/www.elenacabrera.com\/weblog3\/wp-json\/wp\/v2\/posts\/2002964\/revisions\/2002002379"}],"wp:attachment":[{"href":"http:\/\/www.elenacabrera.com\/weblog3\/wp-json\/wp\/v2\/media?parent=2002964"}],"wp:term":[{"taxonomy":"category","embeddable":true,"href":"http:\/\/www.elenacabrera.com\/weblog3\/wp-json\/wp\/v2\/categories?post=2002964"},{"taxonomy":"post_tag","embeddable":true,"href":"http:\/\/www.elenacabrera.com\/weblog3\/wp-json\/wp\/v2\/tags?post=2002964"}],"curies":[{"name":"wp","href":"https:\/\/api.w.org\/{rel}","templated":true}]}}