{"id":2002968,"date":"2004-03-17T10:34:34","date_gmt":"2004-03-17T09:34:34","guid":{"rendered":""},"modified":"2019-03-12T00:59:31","modified_gmt":"2019-03-11T22:59:31","slug":"sobre-las-absolutas-convicciones","status":"publish","type":"post","link":"http:\/\/www.elenacabrera.com\/weblog3\/2004\/03\/17\/sobre-las-absolutas-convicciones\/","title":{"rendered":"Sobre las (absolutas) convicciones"},"content":{"rendered":"<p><a href=\"http:\/\/www.elenacabrera.com\/weblog\/la-resaca\/\">En el post anterior<\/a> he puesto hoy dos actualizaciones, una sobre \u201cel hoax del 13 de marzo\u201d y otra sobre la sugerencia lanzada por\u00a0<strong>Joseba Moso<\/strong> al hilo de los emails de ayer titulados \u201cun \u00faltimo esfuerzo\u201d.<\/p>\n<p>Siguiendo con el interesante y sucio tema de la presi\u00f3n a los medios de comunicaci\u00f3n, quiero enlazar al art\u00edculo de\u00a0<strong>Antonio Franco<\/strong>, director de\u00a0<strong>El Peri\u00f3dico<\/strong>, donde justifica el titular de su edici\u00f3n vespertina del jueves y devela c\u00f3mo fueron las dos llamadas que ese mismo d\u00eda recibi\u00f3 de\u00a0<strong>Aznar<\/strong>:\u00a0<em>\u201cFue entonces, con la convicci\u00f3n de que el presidente del Gobierno de mi pa\u00eds era incapaz de, en el ejercicio de su cargo, darme seguridades sobre un tema sobre el que no estuviese seguro, cuando decid\u00ed el titular: El 11-M de ETA\u201d<\/em>\u2026\u00a0<a href=\"http:\/\/www.elperiodico.com\/default.asp?idpublicacio_PK=5\" target=\"blank\">Art\u00edculo en El Peri\u00f3dico del 16 de marzo.<\/a> <a href=\"http:\/\/www.vertele.com\/noticia_01.phtml?id=6605\" target=\"blank\">Reproducci\u00f3n en Vertele.com<\/a>. Para ver cualquiera de estos dos enlaces hay que estar registrado en su respectiva web, pero es gratuito.<\/p>\n<p>Y, sobre EFE: El Comit\u00e9 Intercentros de la\u00a0<a href=\"http:\/\/www.efe.com\/\" target=\"blank\">Agencia EFE<\/a> ha denunciado que\u00a0<em>\u201cEFE conoc\u00eda, desde la misma ma\u00f1ana de los atentados del jueves en Madrid, la existencia de un tel\u00e9fono m\u00f3vil configurado en \u00e1rabe, la furgoneta hallada en Alcal\u00e1 de Henares y sab\u00eda que uno de los muertos era un terrorista\u201d<\/em>. Este comit\u00e9 de empresa ha exigido la destituci\u00f3n inmediata del director de informaci\u00f3n,\u00a0<strong>Miguel Plat\u00f3n<\/strong>, por \u201cel r\u00e9gimen de censura y de manipulaci\u00f3n impuesto tras los atentados del 11 de marzo\u201d. La informaci\u00f3n que difundi\u00f3 EFE,\u00a0<em>\u201caltamente prolija, se basaba en supuestas fuentes oficiales espa\u00f1olas y en informes de los servicios secretos de varios pa\u00edses europeos seg\u00fan los cuales ETA era la autora de los brutales atentados. Dos horas despu\u00e9s de que esta noticia falsa saliera a la l\u00ednea y fuera difundida a todos los clientes de Efe, el propio ministro del Interior reconoc\u00eda la conexi\u00f3n isl\u00e1mica del atentado\u201d<\/em>, explican en un comunicado\u00a0<strong>UGT, Comisiones Obreras y el Sindicato de Periodistas<\/strong>. El comit\u00e9 subraya que Miguel Plat\u00f3n, bajo las recomendaciones del Gobierno, exigi\u00f3 que\u00a0<em>\u201cla difusi\u00f3n de informaciones obtenidas por fuentes propias de los redactores del servicio nacional de noticias y relacionadas con el terrorismo radical extremista fueron expresamente prohibidas\u201d<\/em>. Adem\u00e1s, seg\u00fan \u00f3rdenes de la direcci\u00f3n,\u00a0<em>\u201cse prohibi\u00f3 la difusi\u00f3n de declaraciones de dirigentes de la oposici\u00f3n\u201d<\/em>.\u00a0<strong>Plat\u00f3n<\/strong> ha\u00a0<a href=\"http:\/\/www.reuters.com\/locales\/newsArticle.jsp?type=topNews\" target=\"blank\">negado la acusaci\u00f3n<\/a>.<\/p>\n<p>En el\u00a0<strong>Diario de Tarragona<\/strong> hay una\u00a0<a href=\"http:\/\/www.diaridetarragona.com\/nouweb\/noticia.php?data=2004-03-17\" target=\"blank\">\u201cCr\u00f3nica de la manipulaci\u00f3n de los medios de comunicaci\u00f3n p\u00fablicos\u201d<\/a>.<\/p>\n<p>Esto es un no parar: Y en medio de todo el barullo, Jes\u00fas de Polanco deja la presidencia de SOGECABLE a\u00a0<a href=\"http:\/\/red-libertaria.net\/noticias\/modules.php?name=News\" target=\"blank\">Rodolfo Mart\u00edn Villa<\/a>, \u00a1ese ex ministro franquista! \u00a1MIEDO! Y ya mismo Sogecable anda pidiendo que en cuanto el PSOE pille cacho en el Gobierno,\u00a0<a href=\"http:\/\/www.elconfidencial.com\/noticias\/indice.asp?fecha_d=17\/03\/2004\" target=\"blank\">baje el IVA de la televisi\u00f3n de pago del 16% al 7%<\/a>. Como se les ocurra ceder a la presi\u00f3n, las discogr\u00e1ficas, eternas gravadas por ese injustificable 16% de los discos (mientras los libros tienen el 7%, recordemos), tendremos que armarla gorda.<\/p>\n","protected":false},"excerpt":{"rendered":"<p>En el post anterior he puesto hoy dos actualizaciones, una sobre \u201cel hoax del 13 de marzo\u201d y otra sobre la sugerencia lanzada por\u00a0Joseba Moso al hilo de los emails de ayer titulados \u201cun \u00faltimo esfuerzo\u201d. Siguiendo con el interesante y sucio tema de la presi\u00f3n a los medios de comunicaci\u00f3n, quiero enlazar al art\u00edculo [&hellip;]<\/p>\n","protected":false},"author":1,"featured_media":0,"comment_status":"open","ping_status":"open","sticky":false,"template":"","format":"standard","meta":{"footnotes":""},"categories":[],"tags":[],"class_list":["post-2002968","post","type-post","status-publish","format-standard","hentry"],"_links":{"self":[{"href":"http:\/\/www.elenacabrera.com\/weblog3\/wp-json\/wp\/v2\/posts\/2002968","targetHints":{"allow":["GET"]}}],"collection":[{"href":"http:\/\/www.elenacabrera.com\/weblog3\/wp-json\/wp\/v2\/posts"}],"about":[{"href":"http:\/\/www.elenacabrera.com\/weblog3\/wp-json\/wp\/v2\/types\/post"}],"author":[{"embeddable":true,"href":"http:\/\/www.elenacabrera.com\/weblog3\/wp-json\/wp\/v2\/users\/1"}],"replies":[{"embeddable":true,"href":"http:\/\/www.elenacabrera.com\/weblog3\/wp-json\/wp\/v2\/comments?post=2002968"}],"version-history":[{"count":3,"href":"http:\/\/www.elenacabrera.com\/weblog3\/wp-json\/wp\/v2\/posts\/2002968\/revisions"}],"predecessor-version":[{"id":2002002384,"href":"http:\/\/www.elenacabrera.com\/weblog3\/wp-json\/wp\/v2\/posts\/2002968\/revisions\/2002002384"}],"wp:attachment":[{"href":"http:\/\/www.elenacabrera.com\/weblog3\/wp-json\/wp\/v2\/media?parent=2002968"}],"wp:term":[{"taxonomy":"category","embeddable":true,"href":"http:\/\/www.elenacabrera.com\/weblog3\/wp-json\/wp\/v2\/categories?post=2002968"},{"taxonomy":"post_tag","embeddable":true,"href":"http:\/\/www.elenacabrera.com\/weblog3\/wp-json\/wp\/v2\/tags?post=2002968"}],"curies":[{"name":"wp","href":"https:\/\/api.w.org\/{rel}","templated":true}]}}