{"id":2002970,"date":"2004-03-18T10:36:55","date_gmt":"2004-03-18T09:36:55","guid":{"rendered":"http:\/\/www.elenacabrera.com\/weblog\/?p=2970"},"modified":"2019-03-12T01:06:51","modified_gmt":"2019-03-11T23:06:51","slug":"el-miedo-en-tu-propia-calle","status":"publish","type":"post","link":"http:\/\/www.elenacabrera.com\/weblog3\/2004\/03\/18\/el-miedo-en-tu-propia-calle\/","title":{"rendered":"El miedo, en tu propia calle"},"content":{"rendered":"<p>Yo pensaba que el jueves pasado hab\u00eda llegado a mi tope m\u00e1ximo de miedo con respecto al terrorismo. Pero no es as\u00ed. Hace unos d\u00edas escuch\u00e9 en la televisi\u00f3n que, estando amenzados los principales puntos de convergencia de transportes, se pon\u00eda como ejemplo el Intercambiado de Avenida de Am\u00e9rica, puerta de salida vial de Madrid al Corredor del Henares y A-2. Yo guardo mi coche en uno de sus s\u00f3tanos y, desde ese d\u00eda, cada vez que me aproximo a la cucaracha pienso cat\u00e1strofes relacionadas con explosiones, bombas lapa, cinco pisos subterr\u00e1neos que estallan, un poco esa vena a lo\u00a0<a href=\"http:\/\/www.imdb.com\/name\/nm0000386\/\" target=\"blank\">Roland Emmerich<\/a> tremendista que saco. Pero esta ma\u00f1ana el temblor ha sido peor, al\u00a0<a href=\"http:\/\/www.elmundo.es\/elmundo\/2004\/03\/17\/espana\/1079545343.html\" target=\"blank\">leer en elmundo.es<\/a> que \u201cEl fiscal pide 143 a\u00f1os para dos etarras que planeaban matar a\u00a0<strong>Barrionuevo y Matilde Fern\u00e1ndez\u00bb<\/strong>. M\u00e1s abajo, en el desarrollo de la noticia, leo:\u00a0<em>\u201cLos procesados tambi\u00e9n hab\u00edan decidido \u201cterminar con la vida de la concejal del PSOE en el Ayuntamiento de Madrid Matilde Fern\u00e1ndez\u201d, ex ministra de Asuntos Sociales, \u201cmediante la colocaci\u00f3n de\u00a0<strong>un coche bomba en las inmediaciones de su domicilio<\/strong>\u201c, pero el atentado no se produjo al no aparecer el veh\u00edculo de la edil por el lugar elegido para la acci\u00f3n\u201d.<\/em> Muchos lo sab\u00e9is, siempre hemos considerado a Matilde miembro honor\u00edfico del COVECABE porque vive en nuestra calle.<\/p>\n<p>\u2013<\/p>\n<p>El 20 de marzo es\u00a0<a href=\"http:\/\/www.nodo50.org\/csca\/index.html\" target=\"blank\">jornada de movilizaci\u00f3n contra la ocupaci\u00f3n de Iraq<\/a>.<\/p>\n","protected":false},"excerpt":{"rendered":"<p>Yo pensaba que el jueves pasado hab\u00eda llegado a mi tope m\u00e1ximo de miedo con respecto al terrorismo. Pero no es as\u00ed. Hace unos d\u00edas escuch\u00e9 en la televisi\u00f3n que, estando amenzados los principales puntos de convergencia de transportes, se pon\u00eda como ejemplo el Intercambiado de Avenida de Am\u00e9rica, puerta de salida vial de Madrid [&hellip;]<\/p>\n","protected":false},"author":1,"featured_media":0,"comment_status":"open","ping_status":"open","sticky":false,"template":"","format":"standard","meta":{"footnotes":""},"categories":[],"tags":[],"class_list":["post-2002970","post","type-post","status-publish","format-standard","hentry"],"_links":{"self":[{"href":"http:\/\/www.elenacabrera.com\/weblog3\/wp-json\/wp\/v2\/posts\/2002970","targetHints":{"allow":["GET"]}}],"collection":[{"href":"http:\/\/www.elenacabrera.com\/weblog3\/wp-json\/wp\/v2\/posts"}],"about":[{"href":"http:\/\/www.elenacabrera.com\/weblog3\/wp-json\/wp\/v2\/types\/post"}],"author":[{"embeddable":true,"href":"http:\/\/www.elenacabrera.com\/weblog3\/wp-json\/wp\/v2\/users\/1"}],"replies":[{"embeddable":true,"href":"http:\/\/www.elenacabrera.com\/weblog3\/wp-json\/wp\/v2\/comments?post=2002970"}],"version-history":[{"count":1,"href":"http:\/\/www.elenacabrera.com\/weblog3\/wp-json\/wp\/v2\/posts\/2002970\/revisions"}],"predecessor-version":[{"id":2002002390,"href":"http:\/\/www.elenacabrera.com\/weblog3\/wp-json\/wp\/v2\/posts\/2002970\/revisions\/2002002390"}],"wp:attachment":[{"href":"http:\/\/www.elenacabrera.com\/weblog3\/wp-json\/wp\/v2\/media?parent=2002970"}],"wp:term":[{"taxonomy":"category","embeddable":true,"href":"http:\/\/www.elenacabrera.com\/weblog3\/wp-json\/wp\/v2\/categories?post=2002970"},{"taxonomy":"post_tag","embeddable":true,"href":"http:\/\/www.elenacabrera.com\/weblog3\/wp-json\/wp\/v2\/tags?post=2002970"}],"curies":[{"name":"wp","href":"https:\/\/api.w.org\/{rel}","templated":true}]}}