{"id":2003014,"date":"2014-03-12T17:11:51","date_gmt":"2014-03-12T16:11:51","guid":{"rendered":""},"modified":"2014-03-14T10:34:17","modified_gmt":"2014-03-14T09:34:17","slug":"la-resistencia-de-conrado","status":"publish","type":"post","link":"http:\/\/www.elenacabrera.com\/weblog3\/2014\/03\/12\/la-resistencia-de-conrado\/","title":{"rendered":"La resistencia de Conrado"},"content":{"rendered":"<p>Hemos contado la historia en Eldiario.es: <a href=\"http:\/\/www.eldiario.es\/sociedad\/Policia-deporta-leones-pais-padres_0_231327297.html\" target=\"_blank\">Conrado Semedo naci\u00f3 en Bembibre (Le\u00f3n) hace 34 a\u00f1os<\/a>. Cumpli\u00f3 tres a\u00f1os de prisi\u00f3n por un delito de tr\u00e1fico de drogas y, el d\u00eda que pon\u00eda un pie en la calle, la Polic\u00eda le detuvo de nuevo y lo encerr\u00f3 en el Centro de Internamiento de Extranjeros (CIE), con una orden del juez para expulsarle del pa\u00eds.<\/p>\n<p>Aunque naci\u00f3 en Le\u00f3n, no habla otra cosa que espa\u00f1ol, su familia tiene nacionalidad espa\u00f1ola, su escolarizaci\u00f3n la hizo all\u00ed y trabaj\u00f3 all\u00ed, Conrado no es, legalmente, espa\u00f1ol. Por esta circunstancia administrativa, el juez decidi\u00f3 que Conrado era \u00abun peligro\u00bb y dict\u00f3 su orden de expulsi\u00f3n del pa\u00eds. \u00bfAd\u00f3nde? A Cabo Verde, un pa\u00eds del que sus padres salieron hace tres d\u00e9cadas, al que no le une ning\u00fan lazo, cuyos idiomas no habla, que visit\u00f3 una vez de ni\u00f1o y del que seguramente guarda mal recuerdo porque se puso enfermo y tuvo que volver r\u00e1pidamente a Espa\u00f1a.<\/p>\n<p>Conrado, usando resistencia pasiva,<a href=\"http:\/\/www.eldiario.es\/sociedad\/resistencia-pasiva-Conrado-evita-deportacion_0_232377307.html\" target=\"_blank\"> evit\u00f3 la primera deportaci\u00f3n, en un vuelo regular<\/a>. El pasado lunes le avisaron de que ten\u00eda billete para ayer, en un vuelo que har\u00eda escala en Lisboa. Como en el intento anterior, activistas de SOS Racismo se presentaron en el Aeropuerto de Barajas para informar a los pasajeros de que Conrado podr\u00eda coger ese vuelo y que ellos, si lo ve\u00edan injusto, ten\u00edan maneras de ayudarle a evitarlo. Ayer estuve con ellos en la T2 viendo c\u00f3mo hablaban con los viajeros.<\/p>\n<p>Y as\u00ed sucedi\u00f3. Semedo ha evitado de nuevo ser introducido por la fuerza en ese avi\u00f3n. Y no solo eso, <a href=\"http:\/\/www.eldiario.es\/sociedad\/Conrado-Semedo-carcel-mejor-CIE_0_237977321.html\">ha sido puesto en libertad<\/a>. En este tercer art\u00edculo Conrado nos explica porqu\u00e9 <a href=\"http:\/\/www.eldiario.es\/sociedad\/Conrado-Semedo-carcel-mejor-CIE_0_237977321.html\">la c\u00e1rcel es mejor que el CIE<\/a>.<\/p>\n<p><iframe loading=\"lazy\" src=\"https:\/\/www.flickr.com\/photos\/elenacabreramontero\/13143479285\/player\/aa2c59cbd2\" height=\"480\" width=\"800\"  frameborder=\"0\" allowfullscreen webkitallowfullscreen mozallowfullscreen oallowfullscreen msallowfullscreen><\/iframe><!--more--><\/p>\n<p>Dos compa\u00f1eros de La Sexta Noticias estuvieron all\u00ed tambi\u00e9n y han emitido este reportaje:<\/p>\n<div style=\"width:410px; height: 267px; margin:10px auto;\">\n\t<object classid=\"clsid:d27cdb6e-ae6d-11cf-96b8-444553540000\" codebase=\"http:\/\/fpdownload.macromedia.com\/pub\/shockwave\/cabs\/flash\/swflash.cab#version=9,0,0,0\" width=\"410\" height=\"267\" align=\"middle\"><param name=\"allowScriptAccess\" value=\"always\"\/><param name=\"movie\" value=\"http:\/\/www.lasexta.com\/static\/swf\/laSextaVideo.swf\"\/><param name=\"quality\" value=\"high\"\/><param name=\"scale\" value=\"noscale\"\/><param name=\"bgcolor\" value=\"#ffffff\"\/><param name=\"allowFullScreen\" value=\"true\"\/><param name=\"FlashVars\" value=\"xml=http:\/\/www.antena3.com\/videoxml\/60000003\/70000031\/2014\/03\/12\/00121.xml\"\/><embed src=\"http:\/\/www.lasexta.com\/static\/swf\/laSextaVideo.swf\" width=\"410\" height=\"267\" quality=\"high\" allowScriptAccess=\"always\" allowFullScreen=\"true\" type=\"application\/x-shockwave-flash\" pluginspage=\"http:\/\/www.macromedia.com\/go\/getflashplayer\" FlashVars=\"xml=http:\/\/www.antena3.com\/videoxml\/60000003\/70000031\/2014\/03\/12\/00121.xml\"\/><\/object>\n<\/div>\n","protected":false},"excerpt":{"rendered":"<p>Hemos contado la historia en Eldiario.es: Conrado Semedo naci\u00f3 en Bembibre (Le\u00f3n) hace 34 a\u00f1os. Cumpli\u00f3 tres a\u00f1os de prisi\u00f3n por un delito de tr\u00e1fico de drogas y, el d\u00eda que pon\u00eda un pie en la calle, la Polic\u00eda le detuvo de nuevo y lo encerr\u00f3 en el Centro de Internamiento de Extranjeros (CIE), con [&hellip;]<\/p>\n","protected":false},"author":1,"featured_media":0,"comment_status":"open","ping_status":"open","sticky":false,"template":"","format":"standard","meta":{"footnotes":""},"categories":[],"tags":[],"class_list":["post-2003014","post","type-post","status-publish","format-standard","hentry"],"_links":{"self":[{"href":"http:\/\/www.elenacabrera.com\/weblog3\/wp-json\/wp\/v2\/posts\/2003014","targetHints":{"allow":["GET"]}}],"collection":[{"href":"http:\/\/www.elenacabrera.com\/weblog3\/wp-json\/wp\/v2\/posts"}],"about":[{"href":"http:\/\/www.elenacabrera.com\/weblog3\/wp-json\/wp\/v2\/types\/post"}],"author":[{"embeddable":true,"href":"http:\/\/www.elenacabrera.com\/weblog3\/wp-json\/wp\/v2\/users\/1"}],"replies":[{"embeddable":true,"href":"http:\/\/www.elenacabrera.com\/weblog3\/wp-json\/wp\/v2\/comments?post=2003014"}],"version-history":[{"count":0,"href":"http:\/\/www.elenacabrera.com\/weblog3\/wp-json\/wp\/v2\/posts\/2003014\/revisions"}],"wp:attachment":[{"href":"http:\/\/www.elenacabrera.com\/weblog3\/wp-json\/wp\/v2\/media?parent=2003014"}],"wp:term":[{"taxonomy":"category","embeddable":true,"href":"http:\/\/www.elenacabrera.com\/weblog3\/wp-json\/wp\/v2\/categories?post=2003014"},{"taxonomy":"post_tag","embeddable":true,"href":"http:\/\/www.elenacabrera.com\/weblog3\/wp-json\/wp\/v2\/tags?post=2003014"}],"curies":[{"name":"wp","href":"https:\/\/api.w.org\/{rel}","templated":true}]}}