{"id":2003042,"date":"2014-03-23T15:43:46","date_gmt":"2014-03-23T14:43:46","guid":{"rendered":""},"modified":"2014-03-24T02:47:09","modified_gmt":"2014-03-24T01:47:09","slug":"la-jornada-hogarena","status":"publish","type":"post","link":"http:\/\/www.elenacabrera.com\/weblog3\/2014\/03\/23\/la-jornada-hogarena\/","title":{"rendered":"La jornada hogare\u00f1a"},"content":{"rendered":"<p><img loading=\"lazy\" decoding=\"async\" class=\"alignright\" style=\"margin: 5px;\" src=\"http:\/\/media-cache-ak0.pinimg.com\/236x\/37\/3c\/4e\/373c4e3547f5088911aa3a88de8429ea.jpg\" alt=\"\" width=\"236\" height=\"298\" \/>Escribe (<a href=\"http:\/\/archivo.fpabloiglesias.es\/files\/Hemeroteca\/ElSocialista\/1936\/3-1936\/8073.pdf\">PDF<\/a>) <strong><a href=\"http:\/\/www.teleprensa.es\/almeria-noticia-263472-matilde-huici-la-feminista-olvidada-fue-una-buena-periodista.html\">Matilde Huici<\/a><\/strong> en <em>El Socialista<\/em> el 1 de marzo de 1936 sobre \u00abLa rehabilitaci\u00f3n de la mujer\u00bb quince d\u00edas despu\u00e9s de la victoria del Frente Popular en las Elecciones. Hace un an\u00e1lisis sobre el voto femenino y luego lanza unas propuestas legislativas:<\/p>\n<p>\u00abLimitaci\u00f3n de <strong>la jornada hogare\u00f1a<\/strong>, mucha m\u00e1s larga y penosa que la industrial y campesina.<\/p>\n<p>Que la mujer pueda dedicar algunos <strong>minutos diarios a la lectura<\/strong>, a la instrucci\u00f3n, al c\u00edrculo social o pol\u00edtico.<\/p>\n<p>Que no se embrutezca, <strong>sola y aislada<\/strong>, junto a la lumbre miserable de su <strong>pobr\u00edsimo<\/strong> fog\u00f3n.<\/p>\n<p>El medio para conseguirlo no tiene nada de particular: <strong>salario suficiente<\/strong> y <strong>que el Estado o las organizaciones se preocupen un poco y con sentido de los ni\u00f1os hijos<\/strong>\u00ab.<\/p>\n","protected":false},"excerpt":{"rendered":"<p>Escribe (PDF) Matilde Huici en El Socialista el 1 de marzo de 1936 sobre \u00abLa rehabilitaci\u00f3n de la mujer\u00bb quince d\u00edas despu\u00e9s de la victoria del Frente Popular en las Elecciones. Hace un an\u00e1lisis sobre el voto femenino y luego lanza unas propuestas legislativas: \u00abLimitaci\u00f3n de la jornada hogare\u00f1a, mucha m\u00e1s larga y penosa que [&hellip;]<\/p>\n","protected":false},"author":1,"featured_media":0,"comment_status":"open","ping_status":"open","sticky":false,"template":"","format":"standard","meta":{"footnotes":""},"categories":[],"tags":[],"class_list":["post-2003042","post","type-post","status-publish","format-standard","hentry"],"_links":{"self":[{"href":"http:\/\/www.elenacabrera.com\/weblog3\/wp-json\/wp\/v2\/posts\/2003042","targetHints":{"allow":["GET"]}}],"collection":[{"href":"http:\/\/www.elenacabrera.com\/weblog3\/wp-json\/wp\/v2\/posts"}],"about":[{"href":"http:\/\/www.elenacabrera.com\/weblog3\/wp-json\/wp\/v2\/types\/post"}],"author":[{"embeddable":true,"href":"http:\/\/www.elenacabrera.com\/weblog3\/wp-json\/wp\/v2\/users\/1"}],"replies":[{"embeddable":true,"href":"http:\/\/www.elenacabrera.com\/weblog3\/wp-json\/wp\/v2\/comments?post=2003042"}],"version-history":[{"count":0,"href":"http:\/\/www.elenacabrera.com\/weblog3\/wp-json\/wp\/v2\/posts\/2003042\/revisions"}],"wp:attachment":[{"href":"http:\/\/www.elenacabrera.com\/weblog3\/wp-json\/wp\/v2\/media?parent=2003042"}],"wp:term":[{"taxonomy":"category","embeddable":true,"href":"http:\/\/www.elenacabrera.com\/weblog3\/wp-json\/wp\/v2\/categories?post=2003042"},{"taxonomy":"post_tag","embeddable":true,"href":"http:\/\/www.elenacabrera.com\/weblog3\/wp-json\/wp\/v2\/tags?post=2003042"}],"curies":[{"name":"wp","href":"https:\/\/api.w.org\/{rel}","templated":true}]}}