{"id":2003058,"date":"2014-03-25T15:10:42","date_gmt":"2014-03-25T14:10:42","guid":{"rendered":""},"modified":"2014-03-25T15:31:03","modified_gmt":"2014-03-25T14:31:03","slug":"pedro-otero-nuestro-capitan-lagrima","status":"publish","type":"post","link":"http:\/\/www.elenacabrera.com\/weblog3\/2014\/03\/25\/pedro-otero-nuestro-capitan-lagrima\/","title":{"rendered":"Pedro Otero, nuestro Capit\u00e1n L\u00e1grima"},"content":{"rendered":"<p>Ya hab\u00eda contado <a href=\"http:\/\/www.madriz.com\/chup-chup\/\">aqu\u00ed<\/a> un recuerdo, de los much\u00edsimos que a\u00fan tengo, de mis primeras conversaciones con Pedro Otero, el locutor del programa de radio El Kastillo de las L\u00e1grimas, que emit\u00eda la radio libre Onda Latina y del que yo era devota oyente, entre interferencias y chasquidos de la fm madrile\u00f1a.<\/p>\n<p><a title=\"Con Pedro Otero por elenacabreramontero, en Flickr\" href=\"https:\/\/www.flickr.com\/photos\/elenacabreramontero\/13403805515\/\"><img loading=\"lazy\" decoding=\"async\" class=\"alignleft\" style=\"margin: 5px;\" src=\"https:\/\/farm4.staticflickr.com\/3718\/13403805515_6c218c2449_o.jpg\" alt=\"Con Pedro Otero\" width=\"368\" height=\"224\" \/><\/a><\/p>\n<p>Ese p\u00e1rrafo me motivo a escribir algo m\u00e1s largo sobre \u00e9l, pues en la web hay poco: lo mejor es <a href=\"http:\/\/es.wikipedia.org\/wiki\/El_Kastillo_de_las_Lagrimas\">una entrada en la wikipedia<\/a> sobre su programa de radio que ha sido borrada el 20 de marzo por no ser wikip\u00e9dico (<a href=\"https:\/\/drive.google.com\/file\/d\/0B70MuT0xgCsdanNjd0FySEl4bmc\/edit?usp=sharing\">qu\u00e9 bien que me guard\u00e9 una copia en PDF<\/a>). Est\u00e1 tambi\u00e9n <a href=\"http:\/\/aplastatusgafasdepasta.blogspot.com.es\/2009\/11\/te-acuerdas-del-kastillo-de-las.html\">este estupendo post en Aplasta tus gafas de pasta<\/a>, una <a href=\"http:\/\/nochesdevinoyrosas.blogspot.com.es\/2011\/06\/desgastados-por-pedro-otero.html\">entrevista que les hizo a D\u00edas de vino y rosas<\/a>, unas menciones en el blog de Diana Aller y <a href=\"http:\/\/www.musicaenlamochila.net\/2010\/10\/08\/50-nacionales-45-42\/\">un par de p\u00e1rrafos escritos por C\u00e9sar Estabiel al hilo de Poch<\/a>. Poco m\u00e1s.<\/p>\n<blockquote><p>Escribe C\u00e9sar: \u00abConoc\u00ed a Pedro Otero Ex Furalita en alg\u00fan encuentro de fanzines, de esos que hab\u00eda a principios de los noventa y que lograba juntar a indies, rebotados de la movida, progresivos y Subterfuge. Otero siempre llevaba un malet\u00edn de ejecutivo en el que escond\u00eda una botella de calimocho y casetes grabadas con discos espa\u00f1oles descatalogados. Ten\u00eda un peque\u00f1o sello de cintas magn\u00e9ticas, El Legado Intimo: precioso acto de pirater\u00eda y un aut\u00e9ntico servicio social. Todos los meses le compraba algo: grabaciones industriales, pop siniestro, el disco de Derribos Arias,\u2026 Hasta que le sentaron frente a un juez. Para \u00e9l fue el principio del fin del sue\u00f1o de Madrid. Lo que despu\u00e9s supe de \u00e9l es que viv\u00eda en las monta\u00f1as, en un pueblo asturiano\u00bb.<\/p>\n<p>&#8230;de Santander, en realidad.<!--more--><\/p>\n<p>Pens\u00e9 que ser\u00eda buena idea reivindicar su legado (\u00edntimo y social) y por ello le escrib\u00ed para entrevistarle. No me contest\u00f3, pero escrib\u00ed un art\u00edculo igualmente. Es <a href=\"http:\/\/www.madriz.com\/capitan-lagrima-una-fantasia-de-los-90\/\">esto<\/a>, leedlo por favor: <a href=\"http:\/\/www.madriz.com\/capitan-lagrima-una-fantasia-de-los-90\/\">\u00abCapit\u00e1n L\u00e1grima, una fantas\u00eda de los 90\u00bb<\/a>, en Madriz.com.<\/p><\/blockquote>\n<p><img decoding=\"async\" src=\"http:\/\/farm4.staticflickr.com\/3759\/13404657083_21f60fd8b9_c.jpg\"><\/p>\n","protected":false},"excerpt":{"rendered":"<p>Ya hab\u00eda contado aqu\u00ed un recuerdo, de los much\u00edsimos que a\u00fan tengo, de mis primeras conversaciones con Pedro Otero, el locutor del programa de radio El Kastillo de las L\u00e1grimas, que emit\u00eda la radio libre Onda Latina y del que yo era devota oyente, entre interferencias y chasquidos de la fm madrile\u00f1a. Ese p\u00e1rrafo me [&hellip;]<\/p>\n","protected":false},"author":1,"featured_media":0,"comment_status":"open","ping_status":"open","sticky":false,"template":"","format":"standard","meta":{"footnotes":""},"categories":[],"tags":[],"class_list":["post-2003058","post","type-post","status-publish","format-standard","hentry"],"_links":{"self":[{"href":"http:\/\/www.elenacabrera.com\/weblog3\/wp-json\/wp\/v2\/posts\/2003058","targetHints":{"allow":["GET"]}}],"collection":[{"href":"http:\/\/www.elenacabrera.com\/weblog3\/wp-json\/wp\/v2\/posts"}],"about":[{"href":"http:\/\/www.elenacabrera.com\/weblog3\/wp-json\/wp\/v2\/types\/post"}],"author":[{"embeddable":true,"href":"http:\/\/www.elenacabrera.com\/weblog3\/wp-json\/wp\/v2\/users\/1"}],"replies":[{"embeddable":true,"href":"http:\/\/www.elenacabrera.com\/weblog3\/wp-json\/wp\/v2\/comments?post=2003058"}],"version-history":[{"count":0,"href":"http:\/\/www.elenacabrera.com\/weblog3\/wp-json\/wp\/v2\/posts\/2003058\/revisions"}],"wp:attachment":[{"href":"http:\/\/www.elenacabrera.com\/weblog3\/wp-json\/wp\/v2\/media?parent=2003058"}],"wp:term":[{"taxonomy":"category","embeddable":true,"href":"http:\/\/www.elenacabrera.com\/weblog3\/wp-json\/wp\/v2\/categories?post=2003058"},{"taxonomy":"post_tag","embeddable":true,"href":"http:\/\/www.elenacabrera.com\/weblog3\/wp-json\/wp\/v2\/tags?post=2003058"}],"curies":[{"name":"wp","href":"https:\/\/api.w.org\/{rel}","templated":true}]}}