{"id":2003067,"date":"2014-03-31T11:37:41","date_gmt":"2014-03-31T10:37:41","guid":{"rendered":""},"modified":"2014-04-02T12:11:50","modified_gmt":"2014-04-02T11:11:50","slug":"%c2%a1escandalo-monumental","status":"publish","type":"post","link":"http:\/\/www.elenacabrera.com\/weblog3\/2014\/03\/31\/%c2%a1escandalo-monumental\/","title":{"rendered":"\u00a1Esc\u00e1ndalo monumental!"},"content":{"rendered":"<p><a title=\"Esgl\u00e9sia de Sant Bertomeu, X\u00e0bia por twiga_swala, en Flickr\" href=\"https:\/\/www.flickr.com\/photos\/twiga_swala\/4268814437\/\"><img loading=\"lazy\" decoding=\"async\" class=\"alignleft\" style=\"margin: 5px;\" src=\"https:\/\/farm3.staticflickr.com\/2744\/4268814437_b242a1da3f_m.jpg\" alt=\"Esgl\u00e9sia de Sant Bertomeu, X\u00e0bia\" width=\"180\" height=\"240\" \/><\/a>\u00bfY si inscribiera en el Registro de la Propiedad este pasaje en el que vivo y en el que plant\u00e9 un \u00e1rbol?, \u00bfo la plaza de mi barrio, Prosperidad, donde me re\u00fano con mis vecinos? <strong>\u00bfY si inscribiera El Escorial, que es de todos?<\/strong><\/p>\n<p>No me dejar\u00edan hacerlo porque me faltar\u00eda un papelito que me hiciera un notario diciendo que efectivamente esa plaza, ese pasaje, ese patrimonio es m\u00edo. Y adem\u00e1s, \u00bfqu\u00e9 locura es esa de inscribir lo que es de todos a mi nombre propio? Pero, <strong>\u00bfy si en lugar de ser periodista yo fuera obispa?<\/strong> \u00bfMe dejar\u00edan? S\u00ed, por que los obispos no tienen que ir a pagar a ning\u00fan notario. Para la ley, son como notarios. Si el obispo dice que desde tiempo inmemorial una ermita ha pertenecido a la Iglesia Cat\u00f3lica, esa empresa privada de gran implantaci\u00f3n dedicada al culto religioso, tranquilamente puede firmar un papel y ponerlo sobre la mesa del registrador, que \u00e9ste le pondr\u00e1 un sello y habr\u00e1 inmatriculado un bien inmueble que,<strong> cuando hablamos de \u00abtiempo inmemorial\u00bb estamos hablando de construcciones que pagaron los parroquianos<\/strong>, los vecinos, diezmo a diezmo, peseta a peseta. Pero, como dice Alejandro Torres, conservar una factura de construcci\u00f3n de una iglesia del siglo XIII no es habitual.<\/p>\n<p>El patrimonio hist\u00f3rico es de todos, se dedique o no al culto de la religi\u00f3n cat\u00f3lica. La mezquita de C\u00f3rdoba es patrimonio de la humanidad, por mucho que la Iglesia la reclame como \u00abCatedral\u00bb y haga unas <strong>visitas nocturnas que son pura catequesis<\/strong>, como ha contado Antonio de la Torre.<\/p>\n<p>Hay otra empresa privada que se dedica a <strong>otra fantas\u00eda similar a la religi\u00f3n cat\u00f3lica<\/strong>, pero menos moralista que esta, y que utiliza el Templo de Debod para practicar con sus sables l\u00e1ser desde tiempo inmemorial (porque nadie se acuerda desde hace cu\u00e1nto). Es el culto a los caballeros jedi. <strong>\u00bfDeber\u00edan estos maestros jedi inmatricular el Templo de Debod?<\/strong>, \u00bfpor qu\u00e9 tienen menos derecho que la Iglesia Cat\u00f3lica a hacerlo? Ah, que resulta que ser que aunque estemos en un estado aconfesional, el principio de laicidad del estado se lo pueden pasar por el forro de la sotana los obispos porque la Iglesia Cat\u00f3lica goza de una gran implantaci\u00f3n. Pues no s\u00e9, lo mismo con el estreno del Episodio VII nos encontramos con m\u00e1s devotos que con la visita del Papa Francisco y los jedi que agitan sus blasters luminosos al caer la noche junto al milenario templo egipcio se sienten con derecho a reclamar lo que consideran suyo.<\/p>\n<p>Ya, es delirante. Pero <a href=\"http:\/\/www.eldiario.es\/sociedad\/carrera-pillos-Iglesia-gana_0_240076229.html\">lo de las inmatriculaciones tambi\u00e9n<\/a>.<\/p>\n<p><iframe loading=\"lazy\" width=\"640\" height=\"480\" src=\"\/\/www.youtube.com\/embed\/dAQF-dAsdMM\" frameborder=\"0\" allowfullscreen><\/iframe><\/p>\n<p>M\u00e1s esc\u00e1ndalos monumentales en mi reportaje de hoy en Eldiario.es: <a href=\"http:\/\/www.eldiario.es\/sociedad\/carrera-pillos-Iglesia-gana_0_240076229.html\">\u00abLa &#8216;carrera de pillos&#8217; en la que la Iglesia siempre gana\u00bb<\/a>.<\/p>\n<blockquote class=\"twitter-tweet\" lang=\"es\">\n<p>Accion en la Mezquita de C\u00f3rdoba reclamandola para homosexuales y feministas como la Iglesia q hace inmatriculaciones <a href=\"http:\/\/t.co\/e1bQ2c1ol6\">pic.twitter.com\/e1bQ2c1ol6<\/a><\/p>\n<p>&mdash; shangay lily (@shangay) <a href=\"https:\/\/twitter.com\/shangay\/statuses\/411189530071674880\">diciembre 12, 2013<\/a><\/p><\/blockquote>\n<p><script async src=\"\/\/platform.twitter.com\/widgets.js\" charset=\"utf-8\"><\/script><\/p>\n","protected":false},"excerpt":{"rendered":"<p>\u00bfY si inscribiera en el Registro de la Propiedad este pasaje en el que vivo y en el que plant\u00e9 un \u00e1rbol?, \u00bfo la plaza de mi barrio, Prosperidad, donde me re\u00fano con mis vecinos? \u00bfY si inscribiera El Escorial, que es de todos? No me dejar\u00edan hacerlo porque me faltar\u00eda un papelito que me [&hellip;]<\/p>\n","protected":false},"author":1,"featured_media":0,"comment_status":"open","ping_status":"open","sticky":false,"template":"","format":"standard","meta":{"footnotes":""},"categories":[],"tags":[],"class_list":["post-2003067","post","type-post","status-publish","format-standard","hentry"],"_links":{"self":[{"href":"http:\/\/www.elenacabrera.com\/weblog3\/wp-json\/wp\/v2\/posts\/2003067","targetHints":{"allow":["GET"]}}],"collection":[{"href":"http:\/\/www.elenacabrera.com\/weblog3\/wp-json\/wp\/v2\/posts"}],"about":[{"href":"http:\/\/www.elenacabrera.com\/weblog3\/wp-json\/wp\/v2\/types\/post"}],"author":[{"embeddable":true,"href":"http:\/\/www.elenacabrera.com\/weblog3\/wp-json\/wp\/v2\/users\/1"}],"replies":[{"embeddable":true,"href":"http:\/\/www.elenacabrera.com\/weblog3\/wp-json\/wp\/v2\/comments?post=2003067"}],"version-history":[{"count":0,"href":"http:\/\/www.elenacabrera.com\/weblog3\/wp-json\/wp\/v2\/posts\/2003067\/revisions"}],"wp:attachment":[{"href":"http:\/\/www.elenacabrera.com\/weblog3\/wp-json\/wp\/v2\/media?parent=2003067"}],"wp:term":[{"taxonomy":"category","embeddable":true,"href":"http:\/\/www.elenacabrera.com\/weblog3\/wp-json\/wp\/v2\/categories?post=2003067"},{"taxonomy":"post_tag","embeddable":true,"href":"http:\/\/www.elenacabrera.com\/weblog3\/wp-json\/wp\/v2\/tags?post=2003067"}],"curies":[{"name":"wp","href":"https:\/\/api.w.org\/{rel}","templated":true}]}}