{"id":2003088,"date":"2014-04-03T11:52:52","date_gmt":"2014-04-03T10:52:52","guid":{"rendered":""},"modified":"2014-04-03T12:45:47","modified_gmt":"2014-04-03T11:45:47","slug":"los-recortes-matan","status":"publish","type":"post","link":"http:\/\/www.elenacabrera.com\/weblog3\/2014\/04\/03\/los-recortes-matan\/","title":{"rendered":"Los recortes matan"},"content":{"rendered":"<p>Gracias a la mediaci\u00f3n de varias personas que confiaron en m\u00ed y en la manera de hacer periodismo de eldiario.es as\u00ed como a la importancia que le damos a la defensa de lo p\u00fablico, entr\u00e9 en contacto con Yolanda P., una mujer cuya madre hab\u00eda fallecido en el Hospital Severo Ochoa de Legan\u00e9s (Madrid) en enero, tras dos estancias en urgencias.<\/p>\n<p>Lo que hace su historia importante de ser contada es <!--more-->que durante la primera estancia en urgencias, de una noche, su madre la pas\u00f3 <strong>en una camilla en el pasillo anterior al pasillo de urgencias, pasando fr\u00edo<\/strong>, frente a las puertas de los ba\u00f1os. Su madre, A. G., ingres\u00f3 por una arritmia, pues hab\u00eda sido operada de coraz\u00f3n, por una v\u00e1lvula que iba mal, en el Hospital Cl\u00ednico. Su cardi\u00f3logo le hab\u00eda dicho \u00abvida normal\u00bb. Pero vida normal, normal no es, es pasarse una noche sin mantas con las que abrigarse en unas urgencias atestadas, sobresaturadas. Era el d\u00eda siguiente a la Navidad.<\/p>\n<p>Yolanda nos ha proporcionado este v\u00eddeo que grab\u00f3 esa noche:<\/p>\n<p><iframe loading=\"lazy\" width=\"853\" height=\"480\" src=\"\/\/www.youtube.com\/embed\/8oJR1JYUmwA\" frameborder=\"0\" allowfullscreen><\/iframe><\/p>\n<p>A. fue dada de alta al d\u00eda siguiente pero el 31 se encontr\u00f3 mal. Estaba desarrollando s\u00edntomas de neumon\u00eda y, al ingresar, le detectaron tambi\u00e9n infecci\u00f3n de orina. Tambi\u00e9n sufr\u00eda arritmias. Pas\u00f3 cuatro d\u00edas y tres noches en un box de urgencias, cuando el protocolo del hospital recomienda no pasar m\u00e1s de un d\u00eda all\u00ed. Cuando fue subida a planta, a las pocas horas, falleci\u00f3. Ra\u00fal Rej\u00f3n y yo <strong>contamos la historia completa en este art\u00edculo<\/strong>:<\/p>\n<p><a href=\"http:\/\/www.eldiario.es\/sociedad\/sanidad-urgencias-saturacion-madrid-recortes_0_243576047.html\"><strong>Una paciente muere en un hospital de Madrid tras cuatro d\u00edas &#8216;aparcada&#8217; en Urgencias<\/strong><\/a><\/p>\n<p>La historia tuvo de inmediato una importante repercusi\u00f3n, que pudo verse tanto en las lecturas del art\u00edculo, como en las miles de veces que fue compartido en redes sociales. Tambi\u00e9n, en el inter\u00e9s de otros medios. Proporcionamos contacto con Yolanda a los compa\u00f1eros de <a href=\"http:\/\/www.cuatro.com\/las-mananas-de-cuatro\/2014\/abril\/01-04-2014\/Yolanda-Creo-recortes-matando_2_1772955111.html\">Las ma\u00f1anas de Cuatro<\/a>, <a href=\"http:\/\/www.sermadridsur.com\/noticias\/una-paciente-del-hospital-severo-ochoa-denuncia-que-su-madre-fallecio-tras-varios-dias-en-los-pasillos-de-urgencias_40479\/\">Cadena Ser<\/a> y <a href=\"http:\/\/www.lasexta.com\/programas\/mas-vale-tarde\/muerte-urgencias-hospital-severo-ochoa_2014040100312.html\">M\u00e1s Vale Tarde de La Sexta<\/a>, que entrevistaron a Yolanda.<\/p>\n<p>Cuatro, por la ma\u00f1ana:<\/p>\n<p><iframe loading=\"lazy\" src=\"http:\/\/www.cuatro.com\/video\/video-embed.html?contentId=MDSVID20140401_0111&#038;showTitle=1&#038;showSummary=1&#038;width=600&#038;height=338\" frameBorder=0 height=\"338\" width=\"600\"><\/iframe><\/p>\n<p>Y el de La Sexta, por la tarde:<\/p>\n<div style=\"width:410px; height: 267px; margin:10px auto;\">\n\t<object classid=\"clsid:d27cdb6e-ae6d-11cf-96b8-444553540000\" codebase=\"http:\/\/fpdownload.macromedia.com\/pub\/shockwave\/cabs\/flash\/swflash.cab#version=9,0,0,0\" width=\"410\" height=\"267\"><param name=\"allowScriptAccess\" value=\"always\"\/><param name=\"movie\" value=\"http:\/\/www.lasexta.com\/static\/swf\/laSextaVideo.swf\"\/><param name=\"quality\" value=\"high\"\/><param name=\"scale\" value=\"noscale\"\/><param name=\"bgcolor\" value=\"#ffffff\"\/><param name=\"allowFullScreen\" value=\"true\"\/><param name=\"FlashVars\" value=\"xml=http:\/\/www.antena3.com\/videoxml\/60000001\/70001097\/2014\/04\/01\/00203.xml\"\/><embed src=\"http:\/\/www.lasexta.com\/static\/swf\/laSextaVideo.swf\" width=\"410\" height=\"267\" quality=\"high\" allowScriptAccess=\"always\" allowFullScreen=\"true\" type=\"application\/x-shockwave-flash\" pluginspage=\"http:\/\/www.macromedia.com\/go\/getflashplayer\" FlashVars=\"xml=http:\/\/www.antena3.com\/videoxml\/60000001\/70001097\/2014\/04\/01\/00203.xml\"\/><\/object>\n<\/div>\n<p>Todo bien, salvo que los compa\u00f1eros de Cuatro pusieron varias veces el v\u00eddeo (que hab\u00edamos editado y emborronado las caras de los que aparec\u00edan), e incluso se lo mostraron a Cayo Lara para que opinara sobre \u00e9l, pero <strong>no mencionaron que nosotros hab\u00edamos sacado la historia a la luz<\/strong>. No es que me quiera poner ninguna medalla, pero lo correcto es que nos citemos los unos a los otros, por buena pr\u00e1ctica profesional y respeto a las fuentes. La Ser y La Sexta s\u00ed mencionaron a eldiario.es (\u00a1gracias!), ese <a href=\"https:\/\/twitter.com\/search?q=%23mediopeque%C3%B1ito&#038;src=typd\">#mediopeque\u00f1ito<\/a>.<\/p>\n<p>Despu\u00e9s de publicar nuestra informaci\u00f3n, <a href=\"http:\/\/www.eldiario.es\/sociedad\/Documento-Hospital-Severo-Ochoa_0_244976445.html\">el Hospital Severo Ochoa emiti\u00f3 un comunicado<\/a>.<\/p>\n<p  style=\" margin: 12px auto 6px auto; font-family: Helvetica,Arial,Sans-serif; font-style: normal; font-variant: normal; font-weight: normal; font-size: 14px; line-height: normal; font-size-adjust: none; font-stretch: normal; -x-system-font: none; display: block;\">   <a title=\"View Carta Del Hospital Severo Ochoa on Scribd\" href=\"http:\/\/www.scribd.com\/doc\/215757979\"  style=\"text-decoration: underline;\" >Carta Del Hospital Severo Ochoa<\/a><\/p>\n<p><iframe loading=\"lazy\" class=\"scribd_iframe_embed\" src=\"\/\/www.scribd.com\/embeds\/215757979\/content?start_page=1&#038;view_mode=scroll&#038;show_recommendations=true\" data-auto-height=\"false\" data-aspect-ratio=\"undefined\" scrolling=\"no\" id=\"doc_75611\" width=\"100%\" height=\"600\" frameborder=\"0\"><\/iframe><\/p>\n<p>Tambi\u00e9n reaccion\u00f3 el nuevo consejero de Sanidad, <strong>Javier Rodr\u00edguez<\/strong>, <a href=\"http:\/\/www.eldiario.es\/sociedad\/sanidad-madrid-consejero-leganes-urgencias_0_244975803.html\">\u00abSanidad reta\u00bb<\/a>, tras las preguntas que le hizo Rej\u00f3n: \u00abSi hubo mala pr\u00e1ctica m\u00e9dica tendr\u00e1 que demostrarla un juez\u00bb. <strong>Salida por la tangente<\/strong>. No habl\u00e1bamos de malas praxis m\u00e9dicas, hablamos de la mala gesti\u00f3n de los hospitales.<\/p>\n<p>En fin, gracias, gracias, gracias sobre todo a <strong>Yolanda, mujer brava y valiente<\/strong>, por confiarme su historia y a nuestras intermediarias por ponernos en contacto.<br \/>\nTambi\u00e9n a mi compa\u00f1ero <a href=\"http:\/\/www.eldiario.es\/autores\/raul_rejon\/\">Ra\u00fal Rej\u00f3n<\/a> por su trabajo en el art\u00edculo y <a href=\"http:\/\/www.eldiario.es\/sociedad\/sanidad-madrid-consejero-leganes-urgencias_0_244975803.html\">el seguimiento<\/a>. Y a nuestra jefa de secci\u00f3n, <a href=\"http:\/\/www.eldiario.es\/autores\/natalia_chientaroli\/\">Natalia Chientaroli<\/a>.<\/p>\n","protected":false},"excerpt":{"rendered":"<p>Gracias a la mediaci\u00f3n de varias personas que confiaron en m\u00ed y en la manera de hacer periodismo de eldiario.es as\u00ed como a la importancia que le damos a la defensa de lo p\u00fablico, entr\u00e9 en contacto con Yolanda P., una mujer cuya madre hab\u00eda fallecido en el Hospital Severo Ochoa de Legan\u00e9s (Madrid) en [&hellip;]<\/p>\n","protected":false},"author":1,"featured_media":0,"comment_status":"open","ping_status":"open","sticky":false,"template":"","format":"standard","meta":{"footnotes":""},"categories":[],"tags":[],"class_list":["post-2003088","post","type-post","status-publish","format-standard","hentry"],"_links":{"self":[{"href":"http:\/\/www.elenacabrera.com\/weblog3\/wp-json\/wp\/v2\/posts\/2003088","targetHints":{"allow":["GET"]}}],"collection":[{"href":"http:\/\/www.elenacabrera.com\/weblog3\/wp-json\/wp\/v2\/posts"}],"about":[{"href":"http:\/\/www.elenacabrera.com\/weblog3\/wp-json\/wp\/v2\/types\/post"}],"author":[{"embeddable":true,"href":"http:\/\/www.elenacabrera.com\/weblog3\/wp-json\/wp\/v2\/users\/1"}],"replies":[{"embeddable":true,"href":"http:\/\/www.elenacabrera.com\/weblog3\/wp-json\/wp\/v2\/comments?post=2003088"}],"version-history":[{"count":0,"href":"http:\/\/www.elenacabrera.com\/weblog3\/wp-json\/wp\/v2\/posts\/2003088\/revisions"}],"wp:attachment":[{"href":"http:\/\/www.elenacabrera.com\/weblog3\/wp-json\/wp\/v2\/media?parent=2003088"}],"wp:term":[{"taxonomy":"category","embeddable":true,"href":"http:\/\/www.elenacabrera.com\/weblog3\/wp-json\/wp\/v2\/categories?post=2003088"},{"taxonomy":"post_tag","embeddable":true,"href":"http:\/\/www.elenacabrera.com\/weblog3\/wp-json\/wp\/v2\/tags?post=2003088"}],"curies":[{"name":"wp","href":"https:\/\/api.w.org\/{rel}","templated":true}]}}