{"id":2003090,"date":"2014-04-03T11:01:06","date_gmt":"2014-04-03T10:01:06","guid":{"rendered":""},"modified":"2014-04-03T11:04:04","modified_gmt":"2014-04-03T10:04:04","slug":"que-empiece-ya-el-tiroteo","status":"publish","type":"post","link":"http:\/\/www.elenacabrera.com\/weblog3\/2014\/04\/03\/que-empiece-ya-el-tiroteo\/","title":{"rendered":"Que empiece ya el tiroteo"},"content":{"rendered":"<p><iframe loading=\"lazy\" width=\"640\" height=\"480\" src=\"\/\/www.youtube.com\/embed\/N2hXYfowhM0\" frameborder=\"0\" allowfullscreen><\/iframe><\/p>\n<p><em>\u00abDiez minutos y que salga el sol por Antequera,<br \/>\nque repartan los fusiles, que nos vamos a la guerra.<br \/>\nQue la vida que ahora tengo no es la vida que quer\u00eda<br \/>\ny si no puedo tenerla no me importa ya perderla\u00bb.<\/em><\/p>\n<p>Una canci\u00f3n nueva de <strong>Breton Armada<\/strong>, <em>Tiroteo<\/em>, que ir\u00e1 en su pr\u00f3ximo disco. Qu\u00e9 buena es. La subieron en septiembre pero yo la descubro ahora.<\/p>\n","protected":false},"excerpt":{"rendered":"<p>\u00abDiez minutos y que salga el sol por Antequera, que repartan los fusiles, que nos vamos a la guerra. Que la vida que ahora tengo no es la vida que quer\u00eda y si no puedo tenerla no me importa ya perderla\u00bb. Una canci\u00f3n nueva de Breton Armada, Tiroteo, que ir\u00e1 en su pr\u00f3ximo disco. Qu\u00e9 [&hellip;]<\/p>\n","protected":false},"author":1,"featured_media":0,"comment_status":"open","ping_status":"open","sticky":false,"template":"","format":"standard","meta":{"footnotes":""},"categories":[],"tags":[],"class_list":["post-2003090","post","type-post","status-publish","format-standard","hentry"],"_links":{"self":[{"href":"http:\/\/www.elenacabrera.com\/weblog3\/wp-json\/wp\/v2\/posts\/2003090","targetHints":{"allow":["GET"]}}],"collection":[{"href":"http:\/\/www.elenacabrera.com\/weblog3\/wp-json\/wp\/v2\/posts"}],"about":[{"href":"http:\/\/www.elenacabrera.com\/weblog3\/wp-json\/wp\/v2\/types\/post"}],"author":[{"embeddable":true,"href":"http:\/\/www.elenacabrera.com\/weblog3\/wp-json\/wp\/v2\/users\/1"}],"replies":[{"embeddable":true,"href":"http:\/\/www.elenacabrera.com\/weblog3\/wp-json\/wp\/v2\/comments?post=2003090"}],"version-history":[{"count":0,"href":"http:\/\/www.elenacabrera.com\/weblog3\/wp-json\/wp\/v2\/posts\/2003090\/revisions"}],"wp:attachment":[{"href":"http:\/\/www.elenacabrera.com\/weblog3\/wp-json\/wp\/v2\/media?parent=2003090"}],"wp:term":[{"taxonomy":"category","embeddable":true,"href":"http:\/\/www.elenacabrera.com\/weblog3\/wp-json\/wp\/v2\/categories?post=2003090"},{"taxonomy":"post_tag","embeddable":true,"href":"http:\/\/www.elenacabrera.com\/weblog3\/wp-json\/wp\/v2\/tags?post=2003090"}],"curies":[{"name":"wp","href":"https:\/\/api.w.org\/{rel}","templated":true}]}}