{"id":2003120,"date":"2014-04-22T10:27:32","date_gmt":"2014-04-22T09:27:32","guid":{"rendered":""},"modified":"2014-04-23T11:16:50","modified_gmt":"2014-04-23T10:16:50","slug":"tomemos-el-escenario-en-el-barrio","status":"publish","type":"post","link":"http:\/\/www.elenacabrera.com\/weblog3\/2014\/04\/22\/tomemos-el-escenario-en-el-barrio\/","title":{"rendered":"Tomemos el escenario en el barrio"},"content":{"rendered":"<p>Este domingo 27 de abril (19:00) se va a realizar una proyecci\u00f3n de la pel\u00edcula documental <a href=\"http:\/\/tomarelescenario.blogspot.com.es\/\">Tomar el escenario<\/a> en la <a href=\"http:\/\/prosperesiste.nodo50.org\/\">Escuela Popular de La Prospe<\/a> (c\/ Luis Cabrera, 19. Metro Prosperidad y Avenida de Am\u00e9rica).<\/p>\n<p><iframe loading=\"lazy\" src=\"\/\/player.vimeo.com\/video\/70427188\" width=\"600\" height=\"338\" frameborder=\"0\" webkitallowfullscreen mozallowfullscreen allowfullscreen><\/iframe><\/p>\n<p>Despu\u00e9s habr\u00e1 un coloquio para hablar sobre la ausencia\/presencia de mujeres en la escena musical, con Carmen \u00abYogur de Pera\u00bb, Carmen \u00abHilda Hund\u00bb y yo. <\/p>\n<p><a href=\"https:\/\/www.flickr.com\/photos\/elenacabreramontero\/13981250844\/\" title=\"Proyecci\u00f3n de Tomar el escenario el 27 de abril en La Prospe por elenacabreramontero, en Flickr\"><img loading=\"lazy\" decoding=\"async\" src=\"https:\/\/farm8.staticflickr.com\/7440\/13981250844_9c93c7c2f2_z.jpg\" width=\"453\" height=\"640\" alt=\"Proyecci\u00f3n de Tomar el escenario el 27 de abril en La Prospe\"><\/a><\/p>\n","protected":false},"excerpt":{"rendered":"<p>Este domingo 27 de abril (19:00) se va a realizar una proyecci\u00f3n de la pel\u00edcula documental Tomar el escenario en la Escuela Popular de La Prospe (c\/ Luis Cabrera, 19. Metro Prosperidad y Avenida de Am\u00e9rica). Despu\u00e9s habr\u00e1 un coloquio para hablar sobre la ausencia\/presencia de mujeres en la escena musical, con Carmen \u00abYogur de [&hellip;]<\/p>\n","protected":false},"author":1,"featured_media":0,"comment_status":"open","ping_status":"open","sticky":false,"template":"","format":"standard","meta":{"footnotes":""},"categories":[],"tags":[],"class_list":["post-2003120","post","type-post","status-publish","format-standard","hentry"],"_links":{"self":[{"href":"http:\/\/www.elenacabrera.com\/weblog3\/wp-json\/wp\/v2\/posts\/2003120","targetHints":{"allow":["GET"]}}],"collection":[{"href":"http:\/\/www.elenacabrera.com\/weblog3\/wp-json\/wp\/v2\/posts"}],"about":[{"href":"http:\/\/www.elenacabrera.com\/weblog3\/wp-json\/wp\/v2\/types\/post"}],"author":[{"embeddable":true,"href":"http:\/\/www.elenacabrera.com\/weblog3\/wp-json\/wp\/v2\/users\/1"}],"replies":[{"embeddable":true,"href":"http:\/\/www.elenacabrera.com\/weblog3\/wp-json\/wp\/v2\/comments?post=2003120"}],"version-history":[{"count":0,"href":"http:\/\/www.elenacabrera.com\/weblog3\/wp-json\/wp\/v2\/posts\/2003120\/revisions"}],"wp:attachment":[{"href":"http:\/\/www.elenacabrera.com\/weblog3\/wp-json\/wp\/v2\/media?parent=2003120"}],"wp:term":[{"taxonomy":"category","embeddable":true,"href":"http:\/\/www.elenacabrera.com\/weblog3\/wp-json\/wp\/v2\/categories?post=2003120"},{"taxonomy":"post_tag","embeddable":true,"href":"http:\/\/www.elenacabrera.com\/weblog3\/wp-json\/wp\/v2\/tags?post=2003120"}],"curies":[{"name":"wp","href":"https:\/\/api.w.org\/{rel}","templated":true}]}}